{"id":561,"date":"2013-04-25T20:38:00","date_gmt":"2013-04-25T19:38:00","guid":{"rendered":"http:\/\/radiomalva.org\/?p=10445"},"modified":"2013-04-25T20:38:00","modified_gmt":"2013-04-25T19:38:00","slug":"gitano","status":"publish","type":"post","link":"https:\/\/radioalma.eu\/horizonte\/2013\/04\/25\/gitano\/","title":{"rendered":"Gitano"},"content":{"rendered":"<p>No hacen falta m\u00e1s de 4 minutos para invitarnos a la reflexi\u00f3n. En este caso, en torno a las ni\u00f1as y ni\u00f1os de etnia gitana. El cortometraje ha sido producido por CSU y dirigido por Jos\u00e9 Mas y Mar\u00eda M\u00ednguez. Grabado en el Cabanyal en 2012. El actor, Mois\u00e9s, un ni\u00f1o y vecino del barrio:<img decoding=\"async\" alt=\"\" border=\"0\" src=\"http:\/\/stats.wordpress.com\/b.gif?host=radiomalva.org&#038;blog=150757&#038;%23038;post=10445&#038;%23038;subd=radiomalva&#038;%23038;ref=&#038;%23038;feed=1\" width=\"1\" height=\"1\" \/><\/p>\n","protected":false},"excerpt":{"rendered":"<p>No hacen falta m&aacute;s de 4 minutos para invitarnos a la reflexi&oacute;n. En este caso, en torno a las ni&ntilde;as y ni&ntilde;os de etnia gitana. El cortometraje ha sido producido por CSU y dirigido por Jos&eacute; Mas y Mar&iacute;a M&iacute;nguez. Grabado en el Cabanyal en 2012. El actor, Mois&eacute;s, un ni&ntilde;o y vecino del barrio:<img decoding=\"async\" alt=\"\" border=\"0\" src=\"http:\/\/stats.wordpress.com\/b.gif?host=radiomalva.org&amp;blog=150757&amp;post=10445&amp;subd=radiomalva&amp;ref=&amp;feed=1\" width=\"1\" height=\"1\"><\/p>\n","protected":false},"author":62,"featured_media":0,"comment_status":"closed","ping_status":"closed","sticky":false,"template":"","format":"standard","meta":{"footnotes":""},"categories":[31],"tags":[],"class_list":["post-561","post","type-post","status-publish","format-standard","hentry","category-fils-rss"],"_links":{"self":[{"href":"https:\/\/radioalma.eu\/horizonte\/wp-json\/wp\/v2\/posts\/561","targetHints":{"allow":["GET"]}}],"collection":[{"href":"https:\/\/radioalma.eu\/horizonte\/wp-json\/wp\/v2\/posts"}],"about":[{"href":"https:\/\/radioalma.eu\/horizonte\/wp-json\/wp\/v2\/types\/post"}],"author":[{"embeddable":true,"href":"https:\/\/radioalma.eu\/horizonte\/wp-json\/wp\/v2\/users\/62"}],"replies":[{"embeddable":true,"href":"https:\/\/radioalma.eu\/horizonte\/wp-json\/wp\/v2\/comments?post=561"}],"version-history":[{"count":0,"href":"https:\/\/radioalma.eu\/horizonte\/wp-json\/wp\/v2\/posts\/561\/revisions"}],"wp:attachment":[{"href":"https:\/\/radioalma.eu\/horizonte\/wp-json\/wp\/v2\/media?parent=561"}],"wp:term":[{"taxonomy":"category","embeddable":true,"href":"https:\/\/radioalma.eu\/horizonte\/wp-json\/wp\/v2\/categories?post=561"},{"taxonomy":"post_tag","embeddable":true,"href":"https:\/\/radioalma.eu\/horizonte\/wp-json\/wp\/v2\/tags?post=561"}],"curies":[{"name":"wp","href":"https:\/\/api.w.org\/{rel}","templated":true}]}}