{"id":562,"date":"2013-04-26T16:58:51","date_gmt":"2013-04-26T15:58:51","guid":{"rendered":"http:\/\/radiomalva.org\/?p=10453"},"modified":"2013-04-26T16:58:51","modified_gmt":"2013-04-26T15:58:51","slug":"cabanyal-intim-2013","status":"publish","type":"post","link":"https:\/\/radioalma.eu\/horizonte\/2013\/04\/26\/cabanyal-intim-2013\/","title":{"rendered":"Cabanyal \u00efntim-2013"},"content":{"rendered":"<p>El Festival Cabanyal \u00cdntim es una aventura teatral pionera en la ciudad de Valencia, nacida en 2011, e impulsada por Francachela Teatro en colaboraci\u00f3n con la plataforma c\u00edvica Salvem el Cabanyal. Su objetivo es acercar las artes esc\u00e9nicas de vanguardia a las casas amenazadas de demolici\u00f3n, declarado Bien de Inter\u00e9s Cultural. Traza un itinerario esc\u00e9nico, [&#8230;]<img decoding=\"async\" alt=\"\" border=\"0\" src=\"http:\/\/stats.wordpress.com\/b.gif?host=radiomalva.org&#038;blog=150757&#038;%23038;post=10453&#038;%23038;subd=radiomalva&#038;%23038;ref=&#038;%23038;feed=1\" width=\"1\" height=\"1\" \/><\/p>\n","protected":false},"excerpt":{"rendered":"<p>El Festival Cabanyal &Iacute;ntim es una aventura teatral pionera en la ciudad de Valencia, nacida en 2011, e impulsada por Francachela Teatro en colaboraci&oacute;n con la plataforma c&iacute;vica Salvem el Cabanyal. Su objetivo es acercar las artes esc&eacute;nicas de vanguardia a las casas amenazadas de demolici&oacute;n, declarado Bien de Inter&eacute;s Cultural. Traza un itinerario esc&eacute;nico, [&#8230;]<img decoding=\"async\" alt=\"\" border=\"0\" src=\"http:\/\/stats.wordpress.com\/b.gif?host=radiomalva.org&amp;blog=150757&amp;post=10453&amp;subd=radiomalva&amp;ref=&amp;feed=1\" width=\"1\" height=\"1\"><\/p>\n","protected":false},"author":62,"featured_media":0,"comment_status":"closed","ping_status":"closed","sticky":false,"template":"","format":"standard","meta":{"footnotes":""},"categories":[31],"tags":[],"class_list":["post-562","post","type-post","status-publish","format-standard","hentry","category-fils-rss"],"_links":{"self":[{"href":"https:\/\/radioalma.eu\/horizonte\/wp-json\/wp\/v2\/posts\/562","targetHints":{"allow":["GET"]}}],"collection":[{"href":"https:\/\/radioalma.eu\/horizonte\/wp-json\/wp\/v2\/posts"}],"about":[{"href":"https:\/\/radioalma.eu\/horizonte\/wp-json\/wp\/v2\/types\/post"}],"author":[{"embeddable":true,"href":"https:\/\/radioalma.eu\/horizonte\/wp-json\/wp\/v2\/users\/62"}],"replies":[{"embeddable":true,"href":"https:\/\/radioalma.eu\/horizonte\/wp-json\/wp\/v2\/comments?post=562"}],"version-history":[{"count":0,"href":"https:\/\/radioalma.eu\/horizonte\/wp-json\/wp\/v2\/posts\/562\/revisions"}],"wp:attachment":[{"href":"https:\/\/radioalma.eu\/horizonte\/wp-json\/wp\/v2\/media?parent=562"}],"wp:term":[{"taxonomy":"category","embeddable":true,"href":"https:\/\/radioalma.eu\/horizonte\/wp-json\/wp\/v2\/categories?post=562"},{"taxonomy":"post_tag","embeddable":true,"href":"https:\/\/radioalma.eu\/horizonte\/wp-json\/wp\/v2\/tags?post=562"}],"curies":[{"name":"wp","href":"https:\/\/api.w.org\/{rel}","templated":true}]}}