{"id":563,"date":"2013-04-28T14:13:11","date_gmt":"2013-04-28T13:13:11","guid":{"rendered":"http:\/\/radiomalva.org\/?p=7492"},"modified":"2013-04-28T14:13:11","modified_gmt":"2013-04-28T13:13:11","slug":"transtornando-la-noche","status":"publish","type":"post","link":"https:\/\/radioalma.eu\/horizonte\/2013\/04\/28\/transtornando-la-noche\/","title":{"rendered":"Transtornando la noche"},"content":{"rendered":"<p>Este pr\u00f3ximo martes, 30 de abril, a las 18h30, en el CSOA La Fuster\u00eda (C\/ Josep Benlliure, 212), la Col.lectiva Transtorna os invita a todxs a pasar una tarde\/noche de reflexi\u00f3n y depuraci\u00f3n acerca del acoso sexual en las calles. Contaremos con una sesi\u00f3n de v\u00eddeos sobre la tem\u00e1tica. Luego debatiremos y depuraremos sensaciones. Cenaremos [&#8230;]<img decoding=\"async\" alt=\"\" border=\"0\" src=\"http:\/\/stats.wordpress.com\/b.gif?host=radiomalva.org&#038;blog=150757&#038;%23038;post=7492&#038;%23038;subd=radiomalva&#038;%23038;ref=&#038;%23038;feed=1\" width=\"1\" height=\"1\" \/><\/p>\n","protected":false},"excerpt":{"rendered":"<p>Este pr&oacute;ximo martes, 30 de abril, a las 18h30, en el CSOA La Fuster&iacute;a (C\/ Josep Benlliure, 212), la Col.lectiva Transtorna os invita a todxs a pasar una tarde\/noche de reflexi&oacute;n y depuraci&oacute;n acerca del acoso sexual en las calles. Contaremos con una sesi&oacute;n de v&iacute;deos sobre la tem&aacute;tica. Luego debatiremos y depuraremos sensaciones. Cenaremos [&#8230;]<img decoding=\"async\" alt=\"\" border=\"0\" src=\"http:\/\/stats.wordpress.com\/b.gif?host=radiomalva.org&amp;blog=150757&amp;post=7492&amp;subd=radiomalva&amp;ref=&amp;feed=1\" width=\"1\" height=\"1\"><\/p>\n","protected":false},"author":62,"featured_media":0,"comment_status":"closed","ping_status":"closed","sticky":false,"template":"","format":"standard","meta":{"footnotes":""},"categories":[31],"tags":[],"class_list":["post-563","post","type-post","status-publish","format-standard","hentry","category-fils-rss"],"_links":{"self":[{"href":"https:\/\/radioalma.eu\/horizonte\/wp-json\/wp\/v2\/posts\/563","targetHints":{"allow":["GET"]}}],"collection":[{"href":"https:\/\/radioalma.eu\/horizonte\/wp-json\/wp\/v2\/posts"}],"about":[{"href":"https:\/\/radioalma.eu\/horizonte\/wp-json\/wp\/v2\/types\/post"}],"author":[{"embeddable":true,"href":"https:\/\/radioalma.eu\/horizonte\/wp-json\/wp\/v2\/users\/62"}],"replies":[{"embeddable":true,"href":"https:\/\/radioalma.eu\/horizonte\/wp-json\/wp\/v2\/comments?post=563"}],"version-history":[{"count":0,"href":"https:\/\/radioalma.eu\/horizonte\/wp-json\/wp\/v2\/posts\/563\/revisions"}],"wp:attachment":[{"href":"https:\/\/radioalma.eu\/horizonte\/wp-json\/wp\/v2\/media?parent=563"}],"wp:term":[{"taxonomy":"category","embeddable":true,"href":"https:\/\/radioalma.eu\/horizonte\/wp-json\/wp\/v2\/categories?post=563"},{"taxonomy":"post_tag","embeddable":true,"href":"https:\/\/radioalma.eu\/horizonte\/wp-json\/wp\/v2\/tags?post=563"}],"curies":[{"name":"wp","href":"https:\/\/api.w.org\/{rel}","templated":true}]}}