{"id":564,"date":"2013-04-29T00:42:11","date_gmt":"2013-04-28T23:42:11","guid":{"rendered":"http:\/\/radiomalva.org\/?p=10468"},"modified":"2013-04-29T00:42:11","modified_gmt":"2013-04-28T23:42:11","slug":"asamblea-2013-remc-lineas-de-accion-futuras-para-reforzar-espacios-comunitarios-de-comunicacion","status":"publish","type":"post","link":"https:\/\/radioalma.eu\/horizonte\/2013\/04\/29\/asamblea-2013-remc-lineas-de-accion-futuras-para-reforzar-espacios-comunitarios-de-comunicacion\/","title":{"rendered":"Asamblea 2013 # ReMC: l\u00edneas de acci\u00f3n futuras para reforzar espacios comunitarios de comunicaci\u00f3n"},"content":{"rendered":"<p>Espa\u00f1a # Red de Medios Comunitarios\u00a027 y 28 de Abril 2013 + info La jornada del s\u00e1bado de la VIII Asamblea de la REMC finaliz\u00f3 ayer con la puesta en com\u00fan de las reflexiones e ideas que surgieron de la din\u00e1mica que se realiz\u00f3 por la tarde en el CSOA La Morada. Compa\u00f1er@s del curso [&#8230;]<img decoding=\"async\" alt=\"\" border=\"0\" src=\"http:\/\/stats.wordpress.com\/b.gif?host=radiomalva.org&#038;blog=150757&#038;%23038;post=10468&#038;%23038;subd=radiomalva&#038;%23038;ref=&#038;%23038;feed=1\" width=\"1\" height=\"1\" \/><\/p>\n","protected":false},"excerpt":{"rendered":"<p>Espa&ntilde;a # Red de Medios Comunitarios&nbsp;27 y 28 de Abril 2013 + info La jornada del s&aacute;bado de la VIII Asamblea de la REMC finaliz&oacute; ayer con la puesta en com&uacute;n de las reflexiones e ideas que surgieron de la din&aacute;mica que se realiz&oacute; por la tarde en el CSOA La Morada. Compa&ntilde;er@s del curso [&#8230;]<img decoding=\"async\" alt=\"\" border=\"0\" src=\"http:\/\/stats.wordpress.com\/b.gif?host=radiomalva.org&amp;blog=150757&amp;post=10468&amp;subd=radiomalva&amp;ref=&amp;feed=1\" width=\"1\" height=\"1\"><\/p>\n","protected":false},"author":61,"featured_media":0,"comment_status":"closed","ping_status":"closed","sticky":false,"template":"","format":"standard","meta":{"footnotes":""},"categories":[31],"tags":[],"class_list":["post-564","post","type-post","status-publish","format-standard","hentry","category-fils-rss"],"_links":{"self":[{"href":"https:\/\/radioalma.eu\/horizonte\/wp-json\/wp\/v2\/posts\/564","targetHints":{"allow":["GET"]}}],"collection":[{"href":"https:\/\/radioalma.eu\/horizonte\/wp-json\/wp\/v2\/posts"}],"about":[{"href":"https:\/\/radioalma.eu\/horizonte\/wp-json\/wp\/v2\/types\/post"}],"author":[{"embeddable":true,"href":"https:\/\/radioalma.eu\/horizonte\/wp-json\/wp\/v2\/users\/61"}],"replies":[{"embeddable":true,"href":"https:\/\/radioalma.eu\/horizonte\/wp-json\/wp\/v2\/comments?post=564"}],"version-history":[{"count":0,"href":"https:\/\/radioalma.eu\/horizonte\/wp-json\/wp\/v2\/posts\/564\/revisions"}],"wp:attachment":[{"href":"https:\/\/radioalma.eu\/horizonte\/wp-json\/wp\/v2\/media?parent=564"}],"wp:term":[{"taxonomy":"category","embeddable":true,"href":"https:\/\/radioalma.eu\/horizonte\/wp-json\/wp\/v2\/categories?post=564"},{"taxonomy":"post_tag","embeddable":true,"href":"https:\/\/radioalma.eu\/horizonte\/wp-json\/wp\/v2\/tags?post=564"}],"curies":[{"name":"wp","href":"https:\/\/api.w.org\/{rel}","templated":true}]}}