{"id":566,"date":"2013-04-29T13:25:00","date_gmt":"2013-04-29T12:25:00","guid":{"rendered":"http:\/\/radioalma.eu\/horizonte\/?guid=6c9b40b765f62b536c321e2094cc1d65"},"modified":"2013-04-29T13:25:10","modified_gmt":"2013-04-29T12:25:10","slug":"por-el-1o-de-mayo","status":"publish","type":"post","link":"https:\/\/radioalma.eu\/horizonte\/2013\/04\/29\/por-el-1o-de-mayo\/","title":{"rendered":"Por el 1\u00ba de MAYO."},"content":{"rendered":"<p><span style=\"background-color: white; color: #333333; font-family: arial, sans-serif; line-height: 14px;\">El primero de mayo no es un d\u00eda festivo m\u00e1s, sino que es un d\u00eda m\u00e1s de lucha. Y as\u00ed debe ser, pues no hay nada que celebrar, ante los continuos ataques de la patronal hacia la clase obrera.<\/span><span style=\"background-color: white; color: #333333; font-family: arial, sans-serif; line-height: 14px;\">&nbsp;<\/span><br style=\"background-color: white; color: #333333; font-family: 'lucida grande', tahoma, verdana, arial, sans-serif; line-height: 14px;\" \/><br style=\"background-color: white; color: #333333; font-family: 'lucida grande', tahoma, verdana, arial, sans-serif; line-height: 14px;\" \/><span style=\"background-color: white; color: #333333; font-family: 'lucida grande', tahoma, verdana, arial, sans-serif; line-height: 14px;\">La infame reforma laboral perpetrada por el ultraconservador gobierno del PP, con la que c\u00ednicamente dec\u00eda que iba a crear empleo, no hace sino dejar desprotegidos a las y los trabajadores frente a la patronal, vulnerando nuestros derechos, derechos conseguidos con la lucha, dej\u00e1ndon<\/span><span style=\"background-color: white; color: #333333; font-family: 'lucida grande', tahoma, verdana, arial, sans-serif; line-height: 14px;\">os a merced de los intereses del empresario de turno al aniquilar, entre otras cosas, la negociaci\u00f3n colectiva.<\/p>\n<p>M\u00e1s de 6 millones de parados; el 57 % de los j\u00f3venes en situaci\u00f3n de desempleo. Emigraciones forzosas tratando de buscar un mejor horizonte laboral. La precarizaci\u00f3n del trabajo. El ataque constante hacia los trabajadores de la funci\u00f3n p\u00fablica, arremetiendo y asediando al eslab\u00f3n m\u00e1s d\u00e9bil, en este caso los interinos. Los constantes recortes y la privatizaci\u00f3n de los servicios p\u00fablicos, de todos y para todos. Los recortes, el repago, y la privatizaci\u00f3n de la sanidad. Los recortes a la escuela p\u00fablica, disminuyendo las becas, quitando las becas de comedor, aumento desmedido de las tasas de matr\u00edcula. Desviando de los fondos p\u00fablicos dinero a la escuela privada, en su mayor\u00eda en manos de la retr\u00f3grada iglesia cat\u00f3lica; tratando as\u00ed el PP de imponer su rancia ideolog\u00eda nacional cat\u00f3lica.<\/p>\n<p>Los recortes en las pensiones, en los subsidios de desempleo, en la ayuda a la dependencia.<\/p>\n<p>230.000 millones de euros de dinero p\u00fablico, en los \u00faltimos cuatro a\u00f1os, para rescatar a los bancos, mientras se producen m\u00e1s de 500 desahucios diarios privando a los trabajadores de los derechos m\u00e1s elementales.<\/p>\n<p>No son datos para celebrar.<\/p>\n<p>Frente a todos estos desmedidos ataques del gobierno de turno de la monarqu\u00eda (y a\u00fan anuncian m\u00e1s reformas, m\u00e1s ajustes, \u201cprofundizar en las medidas para flexibilizar la econom\u00eda\u201d, dicen c\u00ednicamente). Como decimos, frente a estos ataques dirigidos por la patronal que suponen una merma de derechos para la mayor\u00eda social y benefician los intereses de la minor\u00eda olig\u00e1rquica, se imponen por parte de los trabajadores, de los parados, de los aut\u00f3nomos, de las clases populares, de los jubilados, de los estudiantes lanzar una ofensiva para reclamar y reconquistar nuestro derechos como clase.<\/p>\n<p>Hoy m\u00e1s que nunca se impone la necesidad de romper con las reglas del juego impuestas por la oligarqu\u00eda, la derecha franquista, el ej\u00e9rcito y la Iglesia durante la Transici\u00f3n, para avanzar en la construcci\u00f3n de un nuevo orden que suponga:<\/p>\n<p>&#8211; M\u00e1s derechos para las y los trabajadores.<br \/>&#8211; Defensa de los servicios p\u00fablicos.<br \/>&#8211; Inversi\u00f3n del Estado en I+D+I.<br \/>&#8211; La renacionalizaci\u00f3n de los principales sectores industriales.<br \/>&#8211; Un nuevo sistema fiscal, en el que paguen m\u00e1s los que m\u00e1s tienen y que combata con decisi\u00f3n el fraude y la corrupci\u00f3n.<br \/>&#8211; Verdadera democracia y superaci\u00f3n del r\u00e9gimen mon\u00e1rquico, impuesto por el golpista y asesino Franco.<\/p>\n<p>Y este nuevo orden no puede ser sino una Rep\u00fablica Popular y Federal. La Rep\u00fablica, supone la defensa de los intereses del pueblo frente a los intereses de los banqueros, de los magnates, de los constructores, de los corruptos que evaden sus impuestos en cuentas suizas.<\/p>\n<p>Es por esto que desde la Junta Republicana de Alicante animamos a los trabajadores de toda clase a que el pr\u00f3ximo primero de mayo enarbolen con orgullo, en todas las manifestaciones, la bandera tricolor, la bandera republicana, la bandera del proletariado. Pues esta bandera simboliza los avances de los trabajadores frente al patr\u00f3n, y significa m\u00e1s democracia, m\u00e1s derechos sociales, defensa de lo p\u00fablico, etc.&nbsp;<\/span><\/p>\n","protected":false},"excerpt":{"rendered":"<p><span>El primero de mayo no es un d&iacute;a festivo m&aacute;s, sino que es un d&iacute;a m&aacute;s de lucha. Y as&iacute; debe ser, pues no hay nada que celebrar, ante los continuos ataques de la patronal hacia la clase obrera.<\/span><span>&nbsp;<\/span><\/p>\n<p><span>La infame reforma laboral perpetrada por el ultraconservador gobierno del PP, con la que c&iacute;nicamente dec&iacute;a que iba a crear empleo, no hace sino dejar desprotegidos a las y los trabajadores frente a la patronal, vulnerando nuestros derechos, derechos conseguidos con la lucha, dej&aacute;ndon<\/span><span>os a merced de los intereses del empresario de turno al aniquilar, entre otras cosas, la negociaci&oacute;n colectiva.<\/p>\n<p>M&aacute;s de 6 millones de parados; el 57 % de los j&oacute;venes en situaci&oacute;n de desempleo. Emigraciones forzosas tratando de buscar un mejor horizonte laboral. La precarizaci&oacute;n del trabajo. El ataque constante hacia los trabajadores de la funci&oacute;n p&uacute;blica, arremetiendo y asediando al eslab&oacute;n m&aacute;s d&eacute;bil, en este caso los interinos. Los constantes recortes y la privatizaci&oacute;n de los servicios p&uacute;blicos, de todos y para todos. Los recortes, el repago, y la privatizaci&oacute;n de la sanidad. Los recortes a la escuela p&uacute;blica, disminuyendo las becas, quitando las becas de comedor, aumento desmedido de las tasas de matr&iacute;cula. Desviando de los fondos p&uacute;blicos dinero a la escuela privada, en su mayor&iacute;a en manos de la retr&oacute;grada iglesia cat&oacute;lica; tratando as&iacute; el PP de imponer su rancia ideolog&iacute;a nacional cat&oacute;lica.<\/p>\n<p>Los recortes en las pensiones, en los subsidios de desempleo, en la ayuda a la dependencia.<\/p>\n<p>230.000 millones de euros de dinero p&uacute;blico, en los &uacute;ltimos cuatro a&ntilde;os, para rescatar a los bancos, mientras se producen m&aacute;s de 500 desahucios diarios privando a los trabajadores de los derechos m&aacute;s elementales.<\/p>\n<p>No son datos para celebrar.<\/p>\n<p>Frente a todos estos desmedidos ataques del gobierno de turno de la monarqu&iacute;a (y a&uacute;n anuncian m&aacute;s reformas, m&aacute;s ajustes, &ldquo;profundizar en las medidas para flexibilizar la econom&iacute;a&rdquo;, dicen c&iacute;nicamente). Como decimos, frente a estos ataques dirigidos por la patronal que suponen una merma de derechos para la mayor&iacute;a social y benefician los intereses de la minor&iacute;a olig&aacute;rquica, se imponen por parte de los trabajadores, de los parados, de los aut&oacute;nomos, de las clases populares, de los jubilados, de los estudiantes lanzar una ofensiva para reclamar y reconquistar nuestro derechos como clase.<\/p>\n<p>Hoy m&aacute;s que nunca se impone la necesidad de romper con las reglas del juego impuestas por la oligarqu&iacute;a, la derecha franquista, el ej&eacute;rcito y la Iglesia durante la Transici&oacute;n, para avanzar en la construcci&oacute;n de un nuevo orden que suponga:<\/p>\n<p>&#8211; M&aacute;s derechos para las y los trabajadores.<br \/>&#8211; Defensa de los servicios p&uacute;blicos.<br \/>&#8211; Inversi&oacute;n del Estado en I+D+I.<br \/>&#8211; La renacionalizaci&oacute;n de los principales sectores industriales.<br \/>&#8211; Un nuevo sistema fiscal, en el que paguen m&aacute;s los que m&aacute;s tienen y que combata con decisi&oacute;n el fraude y la corrupci&oacute;n.<br \/>&#8211; Verdadera democracia y superaci&oacute;n del r&eacute;gimen mon&aacute;rquico, impuesto por el golpista y asesino Franco.<\/p>\n<p>Y este nuevo orden no puede ser sino una Rep&uacute;blica Popular y Federal. La Rep&uacute;blica, supone la defensa de los intereses del pueblo frente a los intereses de los banqueros, de los magnates, de los constructores, de los corruptos que evaden sus impuestos en cuentas suizas.<\/p>\n<p>Es por esto que desde la Junta Republicana de Alicante animamos a los trabajadores de toda clase a que el pr&oacute;ximo primero de mayo enarbolen con orgullo, en todas las manifestaciones, la bandera tricolor, la bandera republicana, la bandera del proletariado. Pues esta bandera simboliza los avances de los trabajadores frente al patr&oacute;n, y significa m&aacute;s democracia, m&aacute;s derechos sociales, defensa de lo p&uacute;blico, etc.&nbsp;<\/span><\/p>\n","protected":false},"author":63,"featured_media":0,"comment_status":"closed","ping_status":"closed","sticky":false,"template":"","format":"standard","meta":{"footnotes":""},"categories":[31],"tags":[],"class_list":["post-566","post","type-post","status-publish","format-standard","hentry","category-fils-rss"],"_links":{"self":[{"href":"https:\/\/radioalma.eu\/horizonte\/wp-json\/wp\/v2\/posts\/566","targetHints":{"allow":["GET"]}}],"collection":[{"href":"https:\/\/radioalma.eu\/horizonte\/wp-json\/wp\/v2\/posts"}],"about":[{"href":"https:\/\/radioalma.eu\/horizonte\/wp-json\/wp\/v2\/types\/post"}],"author":[{"embeddable":true,"href":"https:\/\/radioalma.eu\/horizonte\/wp-json\/wp\/v2\/users\/63"}],"replies":[{"embeddable":true,"href":"https:\/\/radioalma.eu\/horizonte\/wp-json\/wp\/v2\/comments?post=566"}],"version-history":[{"count":0,"href":"https:\/\/radioalma.eu\/horizonte\/wp-json\/wp\/v2\/posts\/566\/revisions"}],"wp:attachment":[{"href":"https:\/\/radioalma.eu\/horizonte\/wp-json\/wp\/v2\/media?parent=566"}],"wp:term":[{"taxonomy":"category","embeddable":true,"href":"https:\/\/radioalma.eu\/horizonte\/wp-json\/wp\/v2\/categories?post=566"},{"taxonomy":"post_tag","embeddable":true,"href":"https:\/\/radioalma.eu\/horizonte\/wp-json\/wp\/v2\/tags?post=566"}],"curies":[{"name":"wp","href":"https:\/\/api.w.org\/{rel}","templated":true}]}}