{"id":567,"date":"2013-04-30T08:36:57","date_gmt":"2013-04-30T07:36:57","guid":{"rendered":"http:\/\/radiomalva.org\/?p=10466"},"modified":"2013-04-30T08:36:57","modified_gmt":"2013-04-30T07:36:57","slug":"sos-parke-alkosa-marcha-2-de-mayo","status":"publish","type":"post","link":"https:\/\/radioalma.eu\/horizonte\/2013\/04\/30\/sos-parke-alkosa-marcha-2-de-mayo\/","title":{"rendered":"SOS Parke Alkosa \u2013 Marcha 2 de mayo"},"content":{"rendered":"<p>Asamblea de parados, Parke Alkosa: Europa mira a esa panda que llaman los mercados. El gobierno mira a Europa y el Ayuntamiento de Alfafar se felicita de cumplir con los planes de ajuste. Hoy hemos inscrito a nuestros hijos en la oficina del SERVEF de Catarroja. El a\u00f1o pasado \u00e9ramos m\u00e1s de 5 millones. Este [&#8230;]<img decoding=\"async\" alt=\"\" border=\"0\" src=\"http:\/\/stats.wordpress.com\/b.gif?host=radiomalva.org&#038;blog=150757&#038;%23038;post=10466&#038;%23038;subd=radiomalva&#038;%23038;ref=&#038;%23038;feed=1\" width=\"1\" height=\"1\" \/><\/p>\n","protected":false},"excerpt":{"rendered":"<p>Asamblea de parados, Parke Alkosa: Europa mira a esa panda que llaman los mercados. El gobierno mira a Europa y el Ayuntamiento de Alfafar se felicita de cumplir con los planes de ajuste. Hoy hemos inscrito a nuestros hijos en la oficina del SERVEF de Catarroja. El a&ntilde;o pasado &eacute;ramos m&aacute;s de 5 millones. Este [&#8230;]<img decoding=\"async\" alt=\"\" border=\"0\" src=\"http:\/\/stats.wordpress.com\/b.gif?host=radiomalva.org&amp;blog=150757&amp;post=10466&amp;subd=radiomalva&amp;ref=&amp;feed=1\" width=\"1\" height=\"1\"><\/p>\n","protected":false},"author":62,"featured_media":0,"comment_status":"closed","ping_status":"closed","sticky":false,"template":"","format":"standard","meta":{"footnotes":""},"categories":[31],"tags":[],"class_list":["post-567","post","type-post","status-publish","format-standard","hentry","category-fils-rss"],"_links":{"self":[{"href":"https:\/\/radioalma.eu\/horizonte\/wp-json\/wp\/v2\/posts\/567","targetHints":{"allow":["GET"]}}],"collection":[{"href":"https:\/\/radioalma.eu\/horizonte\/wp-json\/wp\/v2\/posts"}],"about":[{"href":"https:\/\/radioalma.eu\/horizonte\/wp-json\/wp\/v2\/types\/post"}],"author":[{"embeddable":true,"href":"https:\/\/radioalma.eu\/horizonte\/wp-json\/wp\/v2\/users\/62"}],"replies":[{"embeddable":true,"href":"https:\/\/radioalma.eu\/horizonte\/wp-json\/wp\/v2\/comments?post=567"}],"version-history":[{"count":0,"href":"https:\/\/radioalma.eu\/horizonte\/wp-json\/wp\/v2\/posts\/567\/revisions"}],"wp:attachment":[{"href":"https:\/\/radioalma.eu\/horizonte\/wp-json\/wp\/v2\/media?parent=567"}],"wp:term":[{"taxonomy":"category","embeddable":true,"href":"https:\/\/radioalma.eu\/horizonte\/wp-json\/wp\/v2\/categories?post=567"},{"taxonomy":"post_tag","embeddable":true,"href":"https:\/\/radioalma.eu\/horizonte\/wp-json\/wp\/v2\/tags?post=567"}],"curies":[{"name":"wp","href":"https:\/\/api.w.org\/{rel}","templated":true}]}}