{"id":582,"date":"2013-04-30T16:24:00","date_gmt":"2013-04-30T15:24:00","guid":{"rendered":"http:\/\/radioalma.eu\/horizonte\/?guid=f54309f734fc454d80df2a0cc6896ecf"},"modified":"2013-04-30T16:25:44","modified_gmt":"2013-04-30T15:25:44","slug":"ofertas-alicante-semana-29-abril-a-5-de-mayo","status":"publish","type":"post","link":"https:\/\/radioalma.eu\/horizonte\/2013\/04\/30\/ofertas-alicante-semana-29-abril-a-5-de-mayo\/","title":{"rendered":"Ofertas Alicante (Semana 29 abril a 5 de mayo)"},"content":{"rendered":"<p><a href=\"http:\/\/www.artegalia.com\/\">Artegalia<\/a> pretende potenciar el empleo en Alicante, por ello, seleccionamos para ti las mejores ofertas de la provincia para que las tengas todas localizadas y puedas hacer una b\u00fasqueda de empleo m\u00e1s efectiva. Cada semana publicaremos en nuestra web algunas ofertas de empleo que hay en el mercado. Aqu\u00ed tienes las de esta semana:<\/p>\n<p><b>Oferta de auxiliar administrativo en Elche<\/b><\/p>\n<p>Se necesita auxiliar administrativo con experiencia en el sector del calzado. Desempe\u00f1ar\u00e1 las siguientes funciones:<\/p>\n<p>&#8211; Atenci\u00f3n telef\u00f3nica<br \/>-Introducci\u00f3n de pedidos<br \/>-Facturaci\u00f3n<br \/>-Registro de albaranes y facturas de proveedores.<\/p>\n<p>Para poder inscribirte pincha aqu\u00ed: &nbsp;<a href=\"http:\/\/www.infojobs.net\/elche-elx\/auxiliar-administrativo\/of-i10bd4efba54c63822a95ac445378c8\">http:\/\/www.infojobs.net\/elche-elx\/auxiliar-administrativo\/of-i10bd4efba54c63822a95ac445378c8<\/a><\/p>\n<p><b>Community Manager en Elche&nbsp;<\/b><\/p>\n<p>Se necesita un Community Manager y Copywriter en Elche con experiencia.<\/p>\n<p>El candidato tiene que tener conocimientos de ingl\u00e9s con un nivel alto y titulaci\u00f3n de licenciado en Publicidad y Relaciones P\u00fablicas.<\/p>\n<p>Para poder inscribirte en la oferta pincha aqu\u00ed:&nbsp;<a href=\"https:\/\/www.infojobs.net\/elche-elx\/copywriter-community-manager\/of-i61d1332bf74464a3060be251a864cb\">https:\/\/www.infojobs.net\/elche-elx\/copywriter-community-manager\/of-i61d1332bf74464a3060be251a864cb<\/a><\/p>\n<p><b>Camarera de pisos en Hoteles de Benidorm<\/b><\/p>\n<p>Se necesita camarera de pisos para hoteles de Benidorm.<\/p>\n<p>Requisitos del candidato:<br \/>&#8211; Experiencia trabajando en hoteles como camarero\/a de pisos.<br \/>&#8211; Disponibilidad de incorporaci\u00f3n.<br \/>-Veh\u00edculo propio.<\/p>\n<p>Para poder inscribirte pincha aqu\u00ed:&nbsp;<a href=\"http:\/\/es.trabajar.com\/empleo\/alicante\/camarero-a-pisos-hoteles-benidorm-0384995\">http:\/\/es.trabajar.com\/empleo\/alicante\/camarero-a-pisos-hoteles-benidorm-0384995<\/a><\/p>\n","protected":false},"excerpt":{"rendered":"<p><a href=\"http:\/\/www.artegalia.com\/\">Artegalia<\/a> pretende potenciar el empleo en Alicante, por ello, seleccionamos para ti las mejores ofertas de la provincia para que las tengas todas localizadas y puedas hacer una b&uacute;squeda de empleo m&aacute;s efectiva. Cada semana publicaremos en nuestra web algunas ofertas de empleo que hay en el mercado. Aqu&iacute; tienes las de esta semana:<\/p>\n<p><b>Oferta de auxiliar administrativo en Elche<\/b><\/p>\n<p>Se necesita auxiliar administrativo con experiencia en el sector del calzado. Desempe&ntilde;ar&aacute; las siguientes funciones:<\/p>\n<p>&#8211; Atenci&oacute;n telef&oacute;nica<br \/>-Introducci&oacute;n de pedidos<br \/>-Facturaci&oacute;n<br \/>-Registro de albaranes y facturas de proveedores.<\/p>\n<p>Para poder inscribirte pincha aqu&iacute;: &nbsp;<a href=\"http:\/\/www.infojobs.net\/elche-elx\/auxiliar-administrativo\/of-i10bd4efba54c63822a95ac445378c8\">http:\/\/www.infojobs.net\/elche-elx\/auxiliar-administrativo\/of-i10bd4efba54c63822a95ac445378c8<\/a><\/p>\n<p><b>Community Manager en Elche&nbsp;<\/b><\/p>\n<p>Se necesita un Community Manager y Copywriter en Elche con experiencia.<\/p>\n<p>El candidato tiene que tener conocimientos de ingl&eacute;s con un nivel alto y titulaci&oacute;n de licenciado en Publicidad y Relaciones P&uacute;blicas.<\/p>\n<p>Para poder inscribirte en la oferta pincha aqu&iacute;:&nbsp;<a href=\"https:\/\/www.infojobs.net\/elche-elx\/copywriter-community-manager\/of-i61d1332bf74464a3060be251a864cb\">https:\/\/www.infojobs.net\/elche-elx\/copywriter-community-manager\/of-i61d1332bf74464a3060be251a864cb<\/a><\/p>\n<p><b>Camarera de pisos en Hoteles de Benidorm<\/b><\/p>\n<p>Se necesita camarera de pisos para hoteles de Benidorm.<\/p>\n<p>Requisitos del candidato:<br \/>&#8211; Experiencia trabajando en hoteles como camarero\/a de pisos.<br \/>&#8211; Disponibilidad de incorporaci&oacute;n.<br \/>-Veh&iacute;culo propio.<\/p>\n<p>Para poder inscribirte pincha aqu&iacute;:&nbsp;<a href=\"http:\/\/es.trabajar.com\/empleo\/alicante\/camarero-a-pisos-hoteles-benidorm-0384995\">http:\/\/es.trabajar.com\/empleo\/alicante\/camarero-a-pisos-hoteles-benidorm-0384995<\/a><\/p>\n","protected":false},"author":63,"featured_media":0,"comment_status":"closed","ping_status":"closed","sticky":false,"template":"","format":"standard","meta":{"footnotes":""},"categories":[31],"tags":[],"class_list":["post-582","post","type-post","status-publish","format-standard","hentry","category-fils-rss"],"_links":{"self":[{"href":"https:\/\/radioalma.eu\/horizonte\/wp-json\/wp\/v2\/posts\/582","targetHints":{"allow":["GET"]}}],"collection":[{"href":"https:\/\/radioalma.eu\/horizonte\/wp-json\/wp\/v2\/posts"}],"about":[{"href":"https:\/\/radioalma.eu\/horizonte\/wp-json\/wp\/v2\/types\/post"}],"author":[{"embeddable":true,"href":"https:\/\/radioalma.eu\/horizonte\/wp-json\/wp\/v2\/users\/63"}],"replies":[{"embeddable":true,"href":"https:\/\/radioalma.eu\/horizonte\/wp-json\/wp\/v2\/comments?post=582"}],"version-history":[{"count":0,"href":"https:\/\/radioalma.eu\/horizonte\/wp-json\/wp\/v2\/posts\/582\/revisions"}],"wp:attachment":[{"href":"https:\/\/radioalma.eu\/horizonte\/wp-json\/wp\/v2\/media?parent=582"}],"wp:term":[{"taxonomy":"category","embeddable":true,"href":"https:\/\/radioalma.eu\/horizonte\/wp-json\/wp\/v2\/categories?post=582"},{"taxonomy":"post_tag","embeddable":true,"href":"https:\/\/radioalma.eu\/horizonte\/wp-json\/wp\/v2\/tags?post=582"}],"curies":[{"name":"wp","href":"https:\/\/api.w.org\/{rel}","templated":true}]}}