{"id":583,"date":"2013-05-01T00:44:27","date_gmt":"2013-04-30T23:44:27","guid":{"rendered":"http:\/\/radiomalva.org\/?p=10481"},"modified":"2013-05-01T00:44:27","modified_gmt":"2013-04-30T23:44:27","slug":"1o-de-mayo-1er-de-maig","status":"publish","type":"post","link":"https:\/\/radioalma.eu\/horizonte\/2013\/05\/01\/1o-de-mayo-1er-de-maig\/","title":{"rendered":"1\u00ba de Mayo-1er de Maig"},"content":{"rendered":"<p>En este 1\u00ba de mayo de\u00a02013,\u00a0nos\u00a0enfrentamos a una de las mayores ofensivas contra los derechos y las condiciones de vida de la clase trabajadora. Nos han instalado, desde hace a\u00f1os, en una situaci\u00f3n de crisis permanente que sirve de justificaci\u00f3n para todo tipo de agresiones y recortes de derechos. El desempleo, que no cesa en [&#8230;]<img decoding=\"async\" alt=\"\" border=\"0\" src=\"http:\/\/stats.wordpress.com\/b.gif?host=radiomalva.org&#038;blog=150757&#038;%23038;post=10481&#038;%23038;subd=radiomalva&#038;%23038;ref=&#038;%23038;feed=1\" width=\"1\" height=\"1\" \/><\/p>\n","protected":false},"excerpt":{"rendered":"<p>En este 1&ordm; de mayo de&nbsp;2013,&nbsp;nos&nbsp;enfrentamos a una de las mayores ofensivas contra los derechos y las condiciones de vida de la clase trabajadora. Nos han instalado, desde hace a&ntilde;os, en una situaci&oacute;n de crisis permanente que sirve de justificaci&oacute;n para todo tipo de agresiones y recortes de derechos. El desempleo, que no cesa en [&#8230;]<img decoding=\"async\" alt=\"\" border=\"0\" src=\"http:\/\/stats.wordpress.com\/b.gif?host=radiomalva.org&amp;blog=150757&amp;post=10481&amp;subd=radiomalva&amp;ref=&amp;feed=1\" width=\"1\" height=\"1\"><\/p>\n","protected":false},"author":62,"featured_media":0,"comment_status":"closed","ping_status":"closed","sticky":false,"template":"","format":"standard","meta":{"footnotes":""},"categories":[31],"tags":[],"class_list":["post-583","post","type-post","status-publish","format-standard","hentry","category-fils-rss"],"_links":{"self":[{"href":"https:\/\/radioalma.eu\/horizonte\/wp-json\/wp\/v2\/posts\/583","targetHints":{"allow":["GET"]}}],"collection":[{"href":"https:\/\/radioalma.eu\/horizonte\/wp-json\/wp\/v2\/posts"}],"about":[{"href":"https:\/\/radioalma.eu\/horizonte\/wp-json\/wp\/v2\/types\/post"}],"author":[{"embeddable":true,"href":"https:\/\/radioalma.eu\/horizonte\/wp-json\/wp\/v2\/users\/62"}],"replies":[{"embeddable":true,"href":"https:\/\/radioalma.eu\/horizonte\/wp-json\/wp\/v2\/comments?post=583"}],"version-history":[{"count":0,"href":"https:\/\/radioalma.eu\/horizonte\/wp-json\/wp\/v2\/posts\/583\/revisions"}],"wp:attachment":[{"href":"https:\/\/radioalma.eu\/horizonte\/wp-json\/wp\/v2\/media?parent=583"}],"wp:term":[{"taxonomy":"category","embeddable":true,"href":"https:\/\/radioalma.eu\/horizonte\/wp-json\/wp\/v2\/categories?post=583"},{"taxonomy":"post_tag","embeddable":true,"href":"https:\/\/radioalma.eu\/horizonte\/wp-json\/wp\/v2\/tags?post=583"}],"curies":[{"name":"wp","href":"https:\/\/api.w.org\/{rel}","templated":true}]}}