{"id":584,"date":"2013-05-01T07:04:00","date_gmt":"2013-05-01T06:04:00","guid":{"rendered":"http:\/\/radioalma.eu\/horizonte\/?guid=f80ced70c369980a7f245b35901be200"},"modified":"2013-05-01T07:04:42","modified_gmt":"2013-05-01T06:04:42","slug":"artegalia-2013-05-01-070400","status":"publish","type":"post","link":"https:\/\/radioalma.eu\/horizonte\/2013\/05\/01\/artegalia-2013-05-01-070400\/","title":{"rendered":"artegalia 2013-05-01 07:04:00"},"content":{"rendered":"<p><\/p>\n<div class=\"separator\" style=\"clear: both; text-align: center;\"><\/div>\n<div style=\"background-color: white; clear: left; color: #222222; float: left; font-family: arial, sans-serif; font-size: 13px; line-height: 18px; margin-bottom: 1em; margin-right: 1em;\"><a href=\"http:\/\/1.bp.blogspot.com\/-5cHuS6Butm4\/UYCwV1VLyNI\/AAAAAAAABLo\/U5TSzvYcx1A\/s1600\/1_de_Mayo_Version2.jpg\" imageanchor=\"1\" style=\"clear: left; float: left; margin-bottom: 1em; margin-right: 1em;\"><img fetchpriority=\"high\" decoding=\"async\" border=\"0\" height=\"320\" src=\"http:\/\/1.bp.blogspot.com\/-5cHuS6Butm4\/UYCwV1VLyNI\/AAAAAAAABLo\/U5TSzvYcx1A\/s320\/1_de_Mayo_Version2.jpg\" width=\"226\" \/><\/a><\/p>\n<div><span style=\"font-size: small;\"><b>Manifestaci\u00f3n 1 de mayo: NO TIENEN L\u00cdMITE<\/b><\/span><\/div>\n<div><b><span style=\"font-size: small;\">11.30h en las Escaleras de Jorge Juan (Alacant).<\/span><\/b><\/div>\n<div><b><span style=\"font-size: small;\"><br \/><\/span><\/b><\/div>\n<div><b>FRENTE AL DRAMA DEL PARO&nbsp;<span style=\"color: red;\">REACTIVACI\u00d3N ECON\u00d3MICA Y EMPLEO<\/span><\/b><\/div>\n<div><b>FRENTE A LA DESREGULACI\u00d3N LABORAL&nbsp;<span style=\"color: red;\">DERECHO DEL TRABAJO Y CONVENIO COLECTIVO<\/span><\/b><\/div>\n<div><b>FRENTE A LAS PRIVATIZACIONES&nbsp;<span style=\"color: red;\">SERVICIOS P\u00daBLICOS Y PROTECCI\u00d3N SOCIAL<\/span><\/b><\/div>\n<div><b>FRENTE A LA CRISIS SOCIAL Y POL\u00cdTICA&nbsp;<span style=\"color: red;\">M\u00c1S Y MEJOR DEMOCRACIA<\/span><\/b><\/div>\n<div><b><span style=\"color: red;\"><br \/><\/span><\/b><\/div>\n<p>&nbsp;El 1 de Mayo es una&nbsp;<b>jornada de solidaridad y reivindicaci\u00f3n internacional<\/b>, y este a\u00f1o tiene lugar en medio de una profunda crisis econ\u00f3mica y financiera, que en el Pa\u00eds Valenciano se manifiesta de forma dram\u00e1tica.<br \/>La Uni\u00f3n Europea, que act\u00faa a merced de la canciller Merkel, insiste en sus recetas neoliberales: d\u00e9ficit, golpe al Estado de bienestar y a los derechos sociales y laborales, paro y recesi\u00f3n.<br \/>Pol\u00edticas que en Espa\u00f1a muestran su perfil m\u00e1s antisocial, con reformas laborales orientadas a debilitar la negociaci\u00f3n colectiva y acabar con el convenio como herramienta de protecci\u00f3n de trabajadoras y trabajadores. 4.512 expedientes de regulaci\u00f3n de empleo en el Pa\u00eds Valenciano el a\u00f1o pasado, un 30% m\u00e1s que el anterior.<br \/>Pero sin duda, el rostro m\u00e1s cruel de estas pol\u00edticas es la destrucci\u00f3n de empleo y el paro. El n\u00famero de personas desempleadas en el Pa\u00eds Valenciano alcanza las 700.000; de ellas, 381.700 no cobra ning\u00fan tipo de prestaci\u00f3n.<br \/>Adem\u00e1s, el Gobierno no para de privatizar, de transferir recursos p\u00fablicos a la iniciativa privada, de generar una creciente desprotecci\u00f3n e inseguridad entre los sectores m\u00e1s desfavorecidos.<br \/>Reformas y recortes amenazan la salud y la seguridad laboral, con consecuencias&nbsp; graves en las condiciones de vida y trabajo decentes. La declaraci\u00f3n de Enfermedades Profesionales en nuestra Comunidad se ha reducido un 15,20% en 2012, confirmando la tendencia de infradeclaraci\u00f3n. Simult\u00e1neamente, el registro de los accidentes mortales, que no se pueden ocultar, sube un 15,38%. Por ello, organizamos en torno al 28 de Abril, D\u00eda de la Seguridad y Salud en el Trabajo, una jornada reivindicativa.<br \/>Por si fuera poco, aumenta la desafecci\u00f3n de la ciudadan\u00eda hacia la pol\u00edtica y se recrudece la crisis institucional, justo cuando son m\u00e1s necesarias que nunca las pol\u00edticas p\u00fablicas para mejorar la vida de la gente.<\/div>\n<div style=\"background-color: white; clear: left; color: #222222; float: left; font-family: arial, sans-serif; font-size: 13px; line-height: 18px; margin-bottom: 1em; margin-right: 1em;\"><\/div>\n<div style=\"background-color: white; clear: left; color: #222222; float: left; font-family: arial, sans-serif; font-size: 13px; line-height: 18px; margin-bottom: 1em; margin-right: 1em;\"><\/div>\n<div style=\"background-color: white; clear: left; color: #222222; float: left; font-family: arial, sans-serif; font-size: 13px; line-height: 18px; margin-bottom: 1em; margin-right: 1em;\"><\/div>\n<div style=\"background-color: white; clear: left; color: #222222; float: left; font-family: arial, sans-serif; font-size: 13px; line-height: 18px; margin-bottom: 1em; margin-right: 1em;\"><\/div>\n<div style=\"background-color: white; clear: left; color: #222222; float: left; font-family: arial, sans-serif; font-size: 13px; line-height: 18px; margin-bottom: 1em; margin-right: 1em;\"><\/div>\n<p><br style=\"background-color: white; color: #444444; font-family: Arial, Tahoma, Helvetica, FreeSans, sans-serif; font-size: 13px; line-height: 18px;\" \/><br style=\"background-color: white; color: #444444; font-family: Arial, Tahoma, Helvetica, FreeSans, sans-serif; font-size: 13px; line-height: 18px;\" \/><\/p>\n<div class=\"separator\" style=\"clear: both; text-align: center;\"><\/div>\n","protected":false},"excerpt":{"rendered":"<p><\/p>\n<div><\/div>\n<div>\n<a href=\"http:\/\/1.bp.blogspot.com\/-5cHuS6Butm4\/UYCwV1VLyNI\/AAAAAAAABLo\/U5TSzvYcx1A\/s1600\/1_de_Mayo_Version2.jpg\"><img decoding=\"async\" border=\"0\" height=\"320\" src=\"http:\/\/1.bp.blogspot.com\/-5cHuS6Butm4\/UYCwV1VLyNI\/AAAAAAAABLo\/U5TSzvYcx1A\/s320\/1_de_Mayo_Version2.jpg\" width=\"226\"><\/a><\/p>\n<div><span><b>Manifestaci&oacute;n 1 de mayo: NO TIENEN L&Iacute;MITE<\/b><\/span><\/div>\n<div><b><span>11.30h en las Escaleras de Jorge Juan (Alacant).<\/span><\/b><\/div>\n<div><b><span><br \/><\/span><\/b><\/div>\n<div><b>FRENTE AL DRAMA DEL PARO&nbsp;<span>REACTIVACI&Oacute;N ECON&Oacute;MICA Y EMPLEO<\/span><\/b><\/div>\n<div><b>FRENTE A LA DESREGULACI&Oacute;N LABORAL&nbsp;<span>DERECHO DEL TRABAJO Y CONVENIO COLECTIVO<\/span><\/b><\/div>\n<div><b>FRENTE A LAS PRIVATIZACIONES&nbsp;<span>SERVICIOS P&Uacute;BLICOS Y PROTECCI&Oacute;N SOCIAL<\/span><\/b><\/div>\n<div><b>FRENTE A LA CRISIS SOCIAL Y POL&Iacute;TICA&nbsp;<span>M&Aacute;S Y MEJOR DEMOCRACIA<\/span><\/b><\/div>\n<div><b><span><br \/><\/span><\/b><\/div>\n<p>&nbsp;El 1 de Mayo es una&nbsp;<b>jornada de solidaridad y reivindicaci&oacute;n internacional<\/b>, y este a&ntilde;o tiene lugar en medio de una profunda crisis econ&oacute;mica y financiera, que en el Pa&iacute;s Valenciano se manifiesta de forma dram&aacute;tica.<br \/>La Uni&oacute;n Europea, que act&uacute;a a merced de la canciller Merkel, insiste en sus recetas neoliberales: d&eacute;ficit, golpe al Estado de bienestar y a los derechos sociales y laborales, paro y recesi&oacute;n.<br \/>Pol&iacute;ticas que en Espa&ntilde;a muestran su perfil m&aacute;s antisocial, con reformas laborales orientadas a debilitar la negociaci&oacute;n colectiva y acabar con el convenio como herramienta de protecci&oacute;n de trabajadoras y trabajadores. 4.512 expedientes de regulaci&oacute;n de empleo en el Pa&iacute;s Valenciano el a&ntilde;o pasado, un 30% m&aacute;s que el anterior.<br \/>Pero sin duda, el rostro m&aacute;s cruel de estas pol&iacute;ticas es la destrucci&oacute;n de empleo y el paro. El n&uacute;mero de personas desempleadas en el Pa&iacute;s Valenciano alcanza las 700.000; de ellas, 381.700 no cobra ning&uacute;n tipo de prestaci&oacute;n.<br \/>Adem&aacute;s, el Gobierno no para de privatizar, de transferir recursos p&uacute;blicos a la iniciativa privada, de generar una creciente desprotecci&oacute;n e inseguridad entre los sectores m&aacute;s desfavorecidos.<br \/>Reformas y recortes amenazan la salud y la seguridad laboral, con consecuencias&nbsp; graves en las condiciones de vida y trabajo decentes. La declaraci&oacute;n de Enfermedades Profesionales en nuestra Comunidad se ha reducido un 15,20% en 2012, confirmando la tendencia de infradeclaraci&oacute;n. Simult&aacute;neamente, el registro de los accidentes mortales, que no se pueden ocultar, sube un 15,38%. Por ello, organizamos en torno al 28 de Abril, D&iacute;a de la Seguridad y Salud en el Trabajo, una jornada reivindicativa.<br \/>Por si fuera poco, aumenta la desafecci&oacute;n de la ciudadan&iacute;a hacia la pol&iacute;tica y se recrudece la crisis institucional, justo cuando son m&aacute;s necesarias que nunca las pol&iacute;ticas p&uacute;blicas para mejorar la vida de la gente.<\/div>\n<div><\/div>\n<div><\/div>\n<div><\/div>\n<div><\/div>\n<div><\/div>\n<p><\/p>\n<div><\/div>\n","protected":false},"author":63,"featured_media":0,"comment_status":"closed","ping_status":"closed","sticky":false,"template":"","format":"standard","meta":{"footnotes":""},"categories":[31],"tags":[],"class_list":["post-584","post","type-post","status-publish","format-standard","hentry","category-fils-rss"],"_links":{"self":[{"href":"https:\/\/radioalma.eu\/horizonte\/wp-json\/wp\/v2\/posts\/584","targetHints":{"allow":["GET"]}}],"collection":[{"href":"https:\/\/radioalma.eu\/horizonte\/wp-json\/wp\/v2\/posts"}],"about":[{"href":"https:\/\/radioalma.eu\/horizonte\/wp-json\/wp\/v2\/types\/post"}],"author":[{"embeddable":true,"href":"https:\/\/radioalma.eu\/horizonte\/wp-json\/wp\/v2\/users\/63"}],"replies":[{"embeddable":true,"href":"https:\/\/radioalma.eu\/horizonte\/wp-json\/wp\/v2\/comments?post=584"}],"version-history":[{"count":0,"href":"https:\/\/radioalma.eu\/horizonte\/wp-json\/wp\/v2\/posts\/584\/revisions"}],"wp:attachment":[{"href":"https:\/\/radioalma.eu\/horizonte\/wp-json\/wp\/v2\/media?parent=584"}],"wp:term":[{"taxonomy":"category","embeddable":true,"href":"https:\/\/radioalma.eu\/horizonte\/wp-json\/wp\/v2\/categories?post=584"},{"taxonomy":"post_tag","embeddable":true,"href":"https:\/\/radioalma.eu\/horizonte\/wp-json\/wp\/v2\/tags?post=584"}],"curies":[{"name":"wp","href":"https:\/\/api.w.org\/{rel}","templated":true}]}}