{"id":585,"date":"2013-05-02T12:07:00","date_gmt":"2013-05-02T11:07:00","guid":{"rendered":"http:\/\/radioalma.eu\/horizonte\/?guid=ba1a42239f5ef5380336804f6d80ff72"},"modified":"2013-05-02T12:07:11","modified_gmt":"2013-05-02T11:07:11","slug":"agenda-de-movilizaciones-y-actividades-en-alicante","status":"publish","type":"post","link":"https:\/\/radioalma.eu\/horizonte\/2013\/05\/02\/agenda-de-movilizaciones-y-actividades-en-alicante\/","title":{"rendered":"AGENDA DE MOVILIZACIONES Y ACTIVIDADES EN ALICANTE."},"content":{"rendered":"<p><b style=\"background-color: white; color: #222222; font-family: arial, sans-serif; font-size: 13px;\">Jueves, 2 de Mayo:<span style=\"color: red;\">&nbsp;CONFERENCIA:&nbsp;<i>\u201cOtra econom\u00eda y otro modo de vida para salir de la crisis\u201d<\/i><\/span><\/b><span style=\"background-color: white; color: #222222; font-family: arial, sans-serif; font-size: 13px;\">&nbsp;<\/span><b style=\"background-color: white; color: #222222; font-family: arial, sans-serif; font-size: 13px;\">A cargo de Juan Torres<\/b><\/p>\n<ul style=\"background-color: white; color: #222222; font-family: arial, sans-serif; font-size: 13px;\">\n<li style=\"margin-left: 15px;\"><b>19 hrs.<\/b>&nbsp;Club Informaci\u00f3n (Av. Doctor Rico, 17 Alicante)<\/li>\n<\/ul>\n<p><span style=\"background-color: white; color: #222222; font-family: arial, sans-serif; font-size: 13px;\">Organiza: Foro Social \u00c9ticas y Espiritualidades.<\/span><br style=\"background-color: white; color: #222222; font-family: arial, sans-serif; font-size: 13px;\" \/><span style=\"background-color: white; color: #222222; font-family: arial, sans-serif; font-size: 13px;\">&nbsp;<\/span><br style=\"background-color: white; color: #222222; font-family: arial, sans-serif; font-size: 13px;\" \/><b style=\"background-color: white; color: #222222; font-family: arial, sans-serif; font-size: 13px;\">V<\/b><br \/><b style=\"background-color: white; color: #222222; font-family: arial, sans-serif; font-size: 13px;\">iernes, 3 de Mayo<\/b><span style=\"background-color: white; color: #222222; font-family: arial, sans-serif; font-size: 13px;\">:&nbsp;<\/span><b style=\"background-color: white; color: #222222; font-family: arial, sans-serif; font-size: 13px;\"><span style=\"color: red;\">INAUGURACI\u00d3N DE LA EXPOSICI\u00d3N \u201cPOR UNA ESCUELA LAICA\u201d<\/span><\/b><\/p>\n<ul style=\"background-color: white; color: #222222; font-family: arial, sans-serif; font-size: 13px;\">\n<li style=\"margin-left: 15px;\"><b>20 hrs.<\/b>&nbsp;Sede de Esquerra Unida de Alicante (c\/ Pintor Murillo, 37)<b><\/b><\/li>\n<\/ul>\n<p><span style=\"background-color: white; color: #222222; font-family: arial, sans-serif; font-size: 13px;\">Organizan: Esquerra Unida y Alicante Laico.<\/span><br style=\"background-color: white; color: #222222; font-family: arial, sans-serif; font-size: 13px;\" \/><span style=\"background-color: white; color: #222222; font-family: arial, sans-serif; font-size: 13px;\">&nbsp;<\/span><br style=\"background-color: white; color: #222222; font-family: arial, sans-serif; font-size: 13px;\" \/><b style=\"background-color: white; color: #222222; font-family: arial, sans-serif; font-size: 13px;\"><br \/><\/b><br \/><b style=\"background-color: white; color: #222222; font-family: arial, sans-serif; font-size: 13px;\">Viernes, 3 de Mayo<\/b><span style=\"background-color: white; color: #222222; font-family: arial, sans-serif; font-size: 13px;\">:&nbsp;<\/span><b style=\"background-color: white; color: #222222; font-family: arial, sans-serif; font-size: 13px;\"><span style=\"color: red;\">CICLO-PASEO POR ALACANT.<\/span><\/b><\/p>\n<ul style=\"background-color: white; color: #222222; font-family: arial, sans-serif; font-size: 13px;\">\n<li style=\"margin-left: 15px;\"><b>20 hrs.&nbsp;<\/b>Salida de la Plaza de toros de Alicante.<b><\/b><\/li>\n<\/ul>\n<p><span style=\"background-color: white; color: #222222; font-family: arial, sans-serif; font-size: 13px;\">Organiza: Massa Cr\u00edtica.<\/span><br style=\"background-color: white; color: #222222; font-family: arial, sans-serif; font-size: 13px;\" \/><span style=\"background-color: white; color: #222222; font-family: arial, sans-serif; font-size: 13px;\">&nbsp;<\/span><br style=\"background-color: white; color: #222222; font-family: arial, sans-serif; font-size: 13px;\" \/><br style=\"background-color: white; color: #222222; font-family: arial, sans-serif; font-size: 13px;\" \/><b style=\"background-color: white; color: #222222; font-family: arial, sans-serif; font-size: 13px;\">Viernes, 3 de mayo:&nbsp;<span style=\"color: red;\">RECITAL: POES\u00cdA Y M\u00daSICA<\/span>&nbsp;<\/b><span style=\"background-color: white; color: #222222; font-family: arial, sans-serif; font-size: 13px;\">Intervienen, entre otrxs: Israel Morales (poeta) e Iv\u00e1n Serrano (de&nbsp;<\/span><i style=\"background-color: white; color: #222222; font-family: arial, sans-serif; font-size: 13px;\">Pura Mandanga<\/i><span style=\"background-color: white; color: #222222; font-family: arial, sans-serif; font-size: 13px;\">).&nbsp;<\/span><br style=\"background-color: white; color: #222222; font-family: arial, sans-serif; font-size: 13px;\" \/><\/p>\n<ul style=\"background-color: white; color: #222222; font-family: arial, sans-serif; font-size: 13px;\">\n<li style=\"margin-left: 15px;\"><b>19 hrs.&nbsp;<\/b>Librer\u00eda LIBROS 28 (c\/ Villafranqueza, 16.&nbsp;<u>San Vicente del Raspeig)<\/u>.<b><\/b><\/li>\n<\/ul>\n<p><span style=\"background-color: white; color: #222222; font-size: 12pt;\">Organiza: Libros 28.<\/span><br style=\"background-color: white; color: #222222; font-family: arial, sans-serif; font-size: 13px;\" \/><br style=\"background-color: white; color: #222222; font-family: arial, sans-serif; font-size: 13px;\" \/><br \/><b style=\"background-color: white; color: #222222; font-family: arial, sans-serif; font-size: 13px;\">S\u00e1bado, 4 de Mayo:&nbsp;<span style=\"color: red;\">COLORES CONTRA EL RACISMO.<\/span><\/b><br style=\"background-color: white; color: #222222; font-family: arial, sans-serif; font-size: 13px;\" \/><\/p>\n<ul style=\"background-color: white; color: #222222; font-family: arial, sans-serif; font-size: 13px;\">\n<li style=\"margin-left: 15px;\"><b>Desde las 11 hrs.<\/b>&nbsp;Plaza de Argel (Virgen del Remedio)<b><\/b><\/li>\n<\/ul>\n<div style=\"background-color: white; color: #222222; font-family: arial, sans-serif; font-size: 13px;\"><span style=\"font-family: 'Times New Roman';\">Organiza: Barris en Lluita contra el Feixisme i el Racisme<\/span><\/div>\n<p><span style=\"background-color: white; color: #222222; font-family: arial, sans-serif; font-size: 13px;\">&nbsp;<\/span><br style=\"background-color: white; color: #222222; font-family: arial, sans-serif; font-size: 13px;\" \/><b style=\"background-color: white; color: #222222; font-family: arial, sans-serif; font-size: 13px;\"><br \/><\/b><br \/><b style=\"background-color: white; color: #222222; font-family: arial, sans-serif; font-size: 13px;\">S\u00e1bado, 4 de Mayo:&nbsp;<span style=\"color: red;\">II RASTRILLO SOLIDARIO DE DIVERSITAT<\/span><\/b><\/p>\n<ul style=\"background-color: white; color: #222222; font-family: arial, sans-serif; font-size: 13px;\">\n<li style=\"margin-left: 15px;\"><b>De 12 a 21 hrs.&nbsp;<\/b>En el Claustro (junto a Concatedral de San Nicol\u00e1s) Alicante.<\/li>\n<\/ul>\n<p><span style=\"background-color: white; color: #222222; font-family: arial, sans-serif; font-size: 13px;\">Organiza: Diveristat.<\/span><br style=\"background-color: white; color: #222222; font-family: arial, sans-serif; font-size: 13px;\" \/><span style=\"background-color: white; color: #222222; font-family: arial, sans-serif; font-size: 13px;\">&nbsp;<\/span><br style=\"background-color: white; color: #222222; font-family: arial, sans-serif; font-size: 13px;\" \/><b style=\"background-color: white; color: #222222; font-family: arial, sans-serif; font-size: 13px;\"><br \/><\/b><br \/><b style=\"background-color: white; color: #222222; font-family: arial, sans-serif; font-size: 13px;\">S\u00e1bado, 4 de Mayo:&nbsp;<span style=\"color: red;\">CONCENTRACI\u00d3N Y ACTIVIDADES: JAIMA DE LA ESPERANZA, S\u00e1hara tus j\u00f3venes no te olvidan.<\/span><\/b><span style=\"background-color: white; color: red; font-family: arial, sans-serif; font-size: 13px;\"><\/span><\/p>\n<ul style=\"background-color: white; color: #222222; font-family: arial, sans-serif; font-size: 13px;\">\n<li style=\"margin-left: 15px;\"><b><span lang=\"EN-GB\">11\u201930 a 18\u201930 hrs.&nbsp;<\/span><\/b>T\u00e9 saharaui, danza tradicional, taller de henna y couscous \u00e1rabe<\/li>\n<li style=\"margin-left: 15px;\"><b>12\u201930 hrs.&nbsp;<\/b>CONCENTRACI\u00d3N y lectura de manifiesto<\/li>\n<\/ul>\n<p><b style=\"background-color: white; color: #222222; font-family: arial, sans-serif; font-size: 13px;\">Lugar:<\/b><span style=\"background-color: white; color: #222222; font-family: arial, sans-serif; font-size: 13px;\">&nbsp;Plaza de la Montanyeta, Alicante<\/span><br style=\"background-color: white; color: #222222; font-family: arial, sans-serif; font-size: 13px;\" \/><span style=\"background-color: white; color: #222222; font-family: arial, sans-serif; font-size: 13px;\">Organiza:&nbsp;<\/span><i style=\"background-color: white; color: #222222; font-family: arial, sans-serif; font-size: 13px;\">Juventud Saharaui<\/i><span style=\"background-color: white; color: #222222; font-family: arial, sans-serif; font-size: 13px;\">.&nbsp;<\/span><br style=\"background-color: white; color: #222222; font-family: arial, sans-serif; font-size: 13px;\" \/><span style=\"background-color: white; color: #222222; font-family: arial, sans-serif; font-size: 13px;\">Colabora:<\/span><span style=\"background-color: white; color: #222222; font-family: arial, sans-serif; font-size: 9pt;\">&nbsp;<\/span><span style=\"background-color: white; color: #222222; font-family: 'Comic Sans MS'; font-size: 9pt;\">Coordinadora de Asociaciones Solidarias con el Pueblo Saharaui de la Provincia de Alicante.<\/span><br style=\"background-color: white; color: #222222; font-family: arial, sans-serif; font-size: 13px;\" \/><\/p>\n<div style=\"background-color: white; color: #222222; font-family: arial, sans-serif; font-size: 13px;\"><\/div>\n<p><b style=\"background-color: white; color: #222222; font-family: arial, sans-serif; font-size: 13px;\"><b style=\"background-color: white; color: #222222; font-family: arial, sans-serif; font-size: 13px;\"><br \/><\/b>Domingo, 5 de Mayo&nbsp;<span style=\"color: red;\">XXV TROBADA D\u2019ESCOLES EN VALENCI\u00c0<\/span><\/b><br style=\"background-color: white; color: #222222; font-family: arial, sans-serif; font-size: 13px;\" \/><\/p>\n<ul style=\"background-color: white; color: #222222; font-family: arial, sans-serif; font-size: 13px;\">\n<li style=\"margin-left: 15px;\"><b>10 hrs:&nbsp;<\/b>Colegio Enric Valor (c\/ San Lorenzo, 33)<b><\/b><\/li>\n<li style=\"margin-left: 15px;\"><b>Desde las 11\u201930 hrs.<\/b>&nbsp;Parque antiguas cocheras de tranv\u00edas de Alicante (c\/ Fernando Madro\u00f1al, 2)<b><\/b><\/li>\n<\/ul>\n<div style=\"background-color: white; color: #222222; font-family: arial, sans-serif; font-size: 13px;\"><span style=\"font-family: 'Times New Roman';\">Organiza: La C\u00edvica-Escola Valenciana<b><\/b><\/span><\/div>\n<p><b style=\"background-color: white; color: #222222; font-family: arial, sans-serif; font-size: 13px;\">&nbsp;<\/b><br style=\"background-color: white; color: #222222; font-family: arial, sans-serif; font-size: 13px;\" \/><b style=\"background-color: white; color: #222222; font-family: arial, sans-serif; font-size: 13px;\"><br \/><\/b><br \/><b style=\"background-color: white; color: #222222; font-family: arial, sans-serif; font-size: 13px;\">Lunes, 6 de Mayo:<span style=\"color: red;\">&nbsp;CONCENTRACI\u00d3N CONTRA LA VIOLENCIA DE G\u00c9NERO.<\/span><\/b><\/p>\n<ul style=\"background-color: white; color: #222222; font-family: arial, sans-serif; font-size: 13px;\">\n<li style=\"margin-left: 15px;\"><b>20 hrs.<\/b>&nbsp;Puerta Sede Universitaria Alicante (c\/ Ram\u00f3n y Cajal, 4) Alicante<b><\/b><\/li>\n<\/ul>\n<p><span style=\"background-color: white; color: #222222; font-family: arial, sans-serif; font-size: 13px;\">Organiza: Plataforma Feminista de Alicante.<\/span><br style=\"background-color: white; color: #222222; font-family: arial, sans-serif; font-size: 13px;\" \/><span style=\"background-color: white; color: #222222; font-family: arial, sans-serif; font-size: 13px;\">&nbsp;<\/span><br style=\"background-color: white; color: #222222; font-family: arial, sans-serif; font-size: 13px;\" \/><b style=\"background-color: white; color: #222222; font-family: arial, sans-serif; font-size: 13px;\"><br \/><\/b><br \/><b style=\"background-color: white; color: #222222; font-family: arial, sans-serif; font-size: 13px;\">Martes, 7 de Mayo:&nbsp;<span style=\"color: red;\">ACTUACI\u00d3N DE XAVI CASTILLO&nbsp;<\/span><\/b><span style=\"background-color: white; color: red; font-family: arial, sans-serif; font-size: 13px;\">a fin de recaudar fondos para la instalaci\u00f3n de la Plaza del 25 de mayo de un monumento en memoria de las v\u00edctimas.<\/span><\/p>\n<ul style=\"background-color: white; color: #222222; font-family: arial, sans-serif; font-size: 13px;\">\n<li style=\"margin-left: 15px;\"><b>20 hrs.<\/b>&nbsp;Paraninfo de la Universidad de Alicante. Precio entrada: 10\u20ac (Librer\u00eda Comp\u00e1s de la UA).<\/li>\n<\/ul>\n<p><span style=\"background-color: white; color: #222222; font-family: arial, sans-serif; font-size: 13px;\">Organiza:&nbsp;<\/span><span style=\"background-color: white; color: #222222; font-family: Arial; font-size: 10pt;\">Comisi\u00f3n C\u00edvica por la Recuperaci\u00f3n de la Memoria Hist\u00f3rica de Alicante<\/span><br style=\"background-color: white; color: #222222; font-family: arial, sans-serif; font-size: 13px;\" \/><span style=\"background-color: white; color: #222222; font-family: arial, sans-serif; font-size: 13px;\">&nbsp;<\/span><br style=\"background-color: white; color: #222222; font-family: arial, sans-serif; font-size: 13px;\" \/><b style=\"background-color: white; color: #222222; font-family: arial, sans-serif; font-size: 13px;\"><br \/><\/b><br \/><b style=\"background-color: white; color: #222222; font-family: arial, sans-serif; font-size: 13px;\">Jueves, 9 de Mayo:&nbsp;<span style=\"color: red;\">CONCENTRACI\u00d3N CONTRA LOS RECORTES EN ENSE\u00d1ANZA QUE PREV\u00c9 LA LEY WERT.<\/span><span style=\"color: #339966;\">&nbsp;HUELGA DE LA ENSE\u00d1ANZA.<\/span><span style=\"color: red;\"><\/span><\/b><\/p>\n<ul style=\"background-color: white; color: #222222; font-family: arial, sans-serif; font-size: 13px;\">\n<li style=\"margin-left: 15px;\"><b>12 hrs.&nbsp;<\/b>Direcci\u00f3n Territorial de la Conseller\u00eda de Educaci\u00f3n Alicante, c\/ Carratal\u00e1, 42<b><\/b><\/li>\n<\/ul>\n<p><span style=\"background-color: white; color: #222222; font-family: arial, sans-serif; font-size: 13px;\">Convoca: Plataforma en Defensa de la Ense\u00f1anza P\u00fablica de Alicante.<\/span><br style=\"background-color: white; color: #222222; font-family: arial, sans-serif; font-size: 13px;\" \/><b style=\"background-color: white; color: #222222; font-family: arial, sans-serif; font-size: 13px;\"><span style=\"color: red;\">&nbsp;<\/span><\/b><br style=\"background-color: white; color: #222222; font-family: arial, sans-serif; font-size: 13px;\" \/><b style=\"background-color: white; color: #222222; font-family: arial, sans-serif; font-size: 13px;\"><br \/><\/b><br \/><b style=\"background-color: white; color: #222222; font-family: arial, sans-serif; font-size: 13px;\">Jueves, 9 de Mayo:&nbsp;<span style=\"color: red;\">MANIFESTACI\u00d3N CONTRA LOS RECORTES EN ENSE\u00d1ANZA QUE PREV\u00c9 LA LEY WERT.<\/span><span style=\"color: #339966;\">&nbsp;HUELGA DE LA ENSE\u00d1ANZA.<\/span><span style=\"color: red;\"><\/span><\/b><\/p>\n<ul style=\"background-color: white; color: #222222; font-family: arial, sans-serif; font-size: 13px;\">\n<li style=\"margin-left: 15px;\"><b>18\u201930 hrs.<\/b>&nbsp;Desde Escaleras Jorge Juan, Marv\u00e1, Av.Estaci\u00f3n, Av. Salamanca, Av. Maisonnave y Plaza Montanyeta.<b><\/b><\/li>\n<\/ul>\n<p><span style=\"background-color: white; color: #222222; font-family: arial, sans-serif; font-size: 13px;\">Convoca: Plataforma en Defensa de la Ense\u00f1anza P\u00fablica de Alicante.<\/span><b style=\"background-color: white; color: #222222; font-family: arial, sans-serif; font-size: 13px;\"><\/b><br style=\"background-color: white; color: #222222; font-family: arial, sans-serif; font-size: 13px;\" \/><span style=\"background-color: white; color: #222222; font-family: arial, sans-serif; font-size: 13px;\">&nbsp;<\/span><br style=\"background-color: white; color: #222222; font-family: arial, sans-serif; font-size: 13px;\" \/><b style=\"background-color: white; color: #222222; font-family: arial, sans-serif; font-size: 13px;\"><br \/><\/b><br \/><b style=\"background-color: white; color: #222222; font-family: arial, sans-serif; font-size: 13px;\">Domingo, 12 de Mayo:<span style=\"color: red;\">&nbsp;RASTRILLO DE PRIMAVERA DE AFEMA.<\/span><\/b><\/p>\n<ul style=\"background-color: white; color: #222222; font-family: arial, sans-serif; font-size: 13px;\">\n<li style=\"margin-left: 15px;\"><b>De 10 a 20 hrs.<\/b>&nbsp;Plaza del Puerto de Alicante.<b><\/b><\/li>\n<\/ul>\n<p><span style=\"background-color: white; color: #222222; font-family: arial, sans-serif; font-size: 13px;\">Organiza: AFEMA (Asociaci\u00f3n de Familiares y Enfermos Mentales de Alicante).<\/span><br style=\"background-color: white; color: #222222; font-family: arial, sans-serif; font-size: 13px;\" \/><span style=\"background-color: white; color: #222222; font-family: arial, sans-serif; font-size: 13px;\">&nbsp;<\/span><br style=\"background-color: white; color: #222222; font-family: arial, sans-serif; font-size: 13px;\" \/><b style=\"background-color: white; color: #222222; font-family: arial, sans-serif; font-size: 13px;\"><br \/><\/b><br \/><b style=\"background-color: white; color: #222222; font-family: arial, sans-serif; font-size: 13px;\">Viernes, 17 de Mayo:&nbsp;<span style=\"color: red;\">CONCENTRACI\u00d3N CONTRA LA LGTBFOBIA<\/span><\/b><\/p>\n<ul style=\"background-color: white; color: #222222; font-family: arial, sans-serif; font-size: 13px;\">\n<li style=\"color: red; margin-left: 15px;\"><b><span style=\"color: windowtext;\">20 hrs.&nbsp;<\/span><\/b><span style=\"color: windowtext;\">Plaza San Crist\u00f3bal, Alicante.<\/span><b><\/b><\/li>\n<\/ul>\n<p><span style=\"background-color: white; color: #222222; font-family: arial, sans-serif; font-size: 13px;\">Organiza: Diversitat.<\/span><br style=\"background-color: white; color: #222222; font-family: arial, sans-serif; font-size: 13px;\" \/><span style=\"background-color: white; color: #222222; font-family: arial, sans-serif; font-size: 13px;\">&nbsp;<\/span><br style=\"background-color: white; color: #222222; font-family: arial, sans-serif; font-size: 13px;\" \/><b style=\"background-color: white; color: #222222; font-family: arial, sans-serif; font-size: 13px;\"><br \/><\/b><br \/><b style=\"background-color: white; color: #222222; font-family: arial, sans-serif; font-size: 13px;\">S\u00e1bado, 18 de Mayo:&nbsp;<span style=\"color: red;\">TORNEO L\u00c9SBICO DE F\u00daTBOL CONTRA LA LGTBFOBIA.<\/span><\/b><\/p>\n<ul style=\"background-color: white; color: #222222; font-family: arial, sans-serif; font-size: 13px;\">\n<li style=\"margin-left: 15px;\"><b>De 10 a 14 hrs.&nbsp;<\/b>Universidad de Alicante (Campus de San Vicente).<b><\/b><\/li>\n<\/ul>\n<p><span style=\"background-color: white; color: #222222; font-family: arial, sans-serif; font-size: 13px;\">Organiza: Diversitat.<\/span><br \/><span style=\"background-color: white; color: #222222; font-family: arial, sans-serif; font-size: 13px;\"><br \/><\/span><span style=\"background-color: white; color: #222222; font-family: arial, sans-serif; font-size: 13px;\"><br \/><\/span><\/p>\n","protected":false},"excerpt":{"rendered":"<p><b>Jueves, 2 de Mayo:<span>&nbsp;CONFERENCIA:&nbsp;<i>&ldquo;Otra econom&iacute;a y otro modo de vida para salir de la crisis&rdquo;<\/i><\/span><\/b><span>&nbsp;<\/span><b>A cargo de Juan Torres<\/b><\/p>\n<ul>\n<li>\n<b>19 hrs.<\/b>&nbsp;Club Informaci&oacute;n (Av. Doctor Rico, 17 Alicante)<\/li>\n<\/ul>\n<p><span>Organiza: Foro Social &Eacute;ticas y Espiritualidades.<\/span><br \/><span>&nbsp;<\/span><br \/><b>V<\/b><br \/><b>iernes, 3 de Mayo<\/b><span>:&nbsp;<\/span><b><span>INAUGURACI&Oacute;N DE LA EXPOSICI&Oacute;N &ldquo;POR UNA ESCUELA LAICA&rdquo;<\/span><\/b><\/p>\n<ul>\n<li>\n<b>20 hrs.<\/b>&nbsp;Sede de Esquerra Unida de Alicante (c\/ Pintor Murillo, 37)<b><\/b>\n<\/li>\n<\/ul>\n<p><span>Organizan: Esquerra Unida y Alicante Laico.<\/span><br \/><span>&nbsp;<\/span><br \/><b><br \/><\/b><br \/><b>Viernes, 3 de Mayo<\/b><span>:&nbsp;<\/span><b><span>CICLO-PASEO POR ALACANT.<\/span><\/b><\/p>\n<ul>\n<li>\n<b>20 hrs.&nbsp;<\/b>Salida de la Plaza de toros de Alicante.<b><\/b>\n<\/li>\n<\/ul>\n<p><span>Organiza: Massa Cr&iacute;tica.<\/span><br \/><span>&nbsp;<\/span><\/p>\n<p><b>Viernes, 3 de mayo:&nbsp;<span>RECITAL: POES&Iacute;A Y M&Uacute;SICA<\/span>&nbsp;<\/b><span>Intervienen, entre otrxs: Israel Morales (poeta) e Iv&aacute;n Serrano (de&nbsp;<\/span><i>Pura Mandanga<\/i><span>).&nbsp;<\/span><\/p>\n<ul>\n<li>\n<b>19 hrs.&nbsp;<\/b>Librer&iacute;a LIBROS 28 (c\/ Villafranqueza, 16.&nbsp;<u>San Vicente del Raspeig)<\/u>.<b><\/b>\n<\/li>\n<\/ul>\n<p><span>Organiza: Libros 28.<\/span><\/p>\n<p><b>S&aacute;bado, 4 de Mayo:&nbsp;<span>COLORES CONTRA EL RACISMO.<\/span><\/b><\/p>\n<ul>\n<li>\n<b>Desde las 11 hrs.<\/b>&nbsp;Plaza de Argel (Virgen del Remedio)<b><\/b>\n<\/li>\n<\/ul>\n<div><span>Organiza: Barris en Lluita contra el Feixisme i el Racisme<\/span><\/div>\n<p><span>&nbsp;<\/span><br \/><b><br \/><\/b><br \/><b>S&aacute;bado, 4 de Mayo:&nbsp;<span>II RASTRILLO SOLIDARIO DE DIVERSITAT<\/span><\/b><\/p>\n<ul>\n<li>\n<b>De 12 a 21 hrs.&nbsp;<\/b>En el Claustro (junto a Concatedral de San Nicol&aacute;s) Alicante.<\/li>\n<\/ul>\n<p><span>Organiza: Diveristat.<\/span><br \/><span>&nbsp;<\/span><br \/><b><br \/><\/b><br \/><b>S&aacute;bado, 4 de Mayo:&nbsp;<span>CONCENTRACI&Oacute;N Y ACTIVIDADES: JAIMA DE LA ESPERANZA, S&aacute;hara tus j&oacute;venes no te olvidan.<\/span><\/b><span><\/span><\/p>\n<ul>\n<li>\n<b><span lang=\"EN-GB\">11&rsquo;30 a 18&rsquo;30 hrs.&nbsp;<\/span><\/b>T&eacute; saharaui, danza tradicional, taller de henna y couscous &aacute;rabe<\/li>\n<li>\n<b>12&rsquo;30 hrs.&nbsp;<\/b>CONCENTRACI&Oacute;N y lectura de manifiesto<\/li>\n<\/ul>\n<p><b>Lugar:<\/b><span>&nbsp;Plaza de la Montanyeta, Alicante<\/span><br \/><span>Organiza:&nbsp;<\/span><i>Juventud Saharaui<\/i><span>.&nbsp;<\/span><br \/><span>Colabora:<\/span><span>&nbsp;<\/span><span>Coordinadora de Asociaciones Solidarias con el Pueblo Saharaui de la Provincia de Alicante.<\/span><\/p>\n<div><\/div>\n<p><b><b><br \/><\/b>Domingo, 5 de Mayo&nbsp;<span>XXV TROBADA D&rsquo;ESCOLES EN VALENCI&Agrave;<\/span><\/b><\/p>\n<ul>\n<li>\n<b>10 hrs:&nbsp;<\/b>Colegio Enric Valor (c\/ San Lorenzo, 33)<b><\/b>\n<\/li>\n<li>\n<b>Desde las 11&rsquo;30 hrs.<\/b>&nbsp;Parque antiguas cocheras de tranv&iacute;as de Alicante (c\/ Fernando Madro&ntilde;al, 2)<b><\/b>\n<\/li>\n<\/ul>\n<div><span>Organiza: La C&iacute;vica-Escola Valenciana<b><\/b><\/span><\/div>\n<p><b>&nbsp;<\/b><br \/><b><br \/><\/b><br \/><b>Lunes, 6 de Mayo:<span>&nbsp;CONCENTRACI&Oacute;N CONTRA LA VIOLENCIA DE G&Eacute;NERO.<\/span><\/b><\/p>\n<ul>\n<li>\n<b>20 hrs.<\/b>&nbsp;Puerta Sede Universitaria Alicante (c\/ Ram&oacute;n y Cajal, 4) Alicante<b><\/b>\n<\/li>\n<\/ul>\n<p><span>Organiza: Plataforma Feminista de Alicante.<\/span><br \/><span>&nbsp;<\/span><br \/><b><br \/><\/b><br \/><b>Martes, 7 de Mayo:&nbsp;<span>ACTUACI&Oacute;N DE XAVI CASTILLO&nbsp;<\/span><\/b><span>a fin de recaudar fondos para la instalaci&oacute;n de la Plaza del 25 de mayo de un monumento en memoria de las v&iacute;ctimas.<\/span><\/p>\n<ul>\n<li>\n<b>20 hrs.<\/b>&nbsp;Paraninfo de la Universidad de Alicante. Precio entrada: 10&euro; (Librer&iacute;a Comp&aacute;s de la UA).<\/li>\n<\/ul>\n<p><span>Organiza:&nbsp;<\/span><span>Comisi&oacute;n C&iacute;vica por la Recuperaci&oacute;n de la Memoria Hist&oacute;rica de Alicante<\/span><br \/><span>&nbsp;<\/span><br \/><b><br \/><\/b><br \/><b>Jueves, 9 de Mayo:&nbsp;<span>CONCENTRACI&Oacute;N CONTRA LOS RECORTES EN ENSE&Ntilde;ANZA QUE PREV&Eacute; LA LEY WERT.<\/span><span>&nbsp;HUELGA DE LA ENSE&Ntilde;ANZA.<\/span><span><\/span><\/b><\/p>\n<ul>\n<li>\n<b>12 hrs.&nbsp;<\/b>Direcci&oacute;n Territorial de la Conseller&iacute;a de Educaci&oacute;n Alicante, c\/ Carratal&aacute;, 42<b><\/b>\n<\/li>\n<\/ul>\n<p><span>Convoca: Plataforma en Defensa de la Ense&ntilde;anza P&uacute;blica de Alicante.<\/span><br \/><b><span>&nbsp;<\/span><\/b><br \/><b><br \/><\/b><br \/><b>Jueves, 9 de Mayo:&nbsp;<span>MANIFESTACI&Oacute;N CONTRA LOS RECORTES EN ENSE&Ntilde;ANZA QUE PREV&Eacute; LA LEY WERT.<\/span><span>&nbsp;HUELGA DE LA ENSE&Ntilde;ANZA.<\/span><span><\/span><\/b><\/p>\n<ul>\n<li>\n<b>18&rsquo;30 hrs.<\/b>&nbsp;Desde Escaleras Jorge Juan, Marv&aacute;, Av.Estaci&oacute;n, Av. Salamanca, Av. Maisonnave y Plaza Montanyeta.<b><\/b>\n<\/li>\n<\/ul>\n<p><span>Convoca: Plataforma en Defensa de la Ense&ntilde;anza P&uacute;blica de Alicante.<\/span><b><\/b><br \/><span>&nbsp;<\/span><br \/><b><br \/><\/b><br \/><b>Domingo, 12 de Mayo:<span>&nbsp;RASTRILLO DE PRIMAVERA DE AFEMA.<\/span><\/b><\/p>\n<ul>\n<li>\n<b>De 10 a 20 hrs.<\/b>&nbsp;Plaza del Puerto de Alicante.<b><\/b>\n<\/li>\n<\/ul>\n<p><span>Organiza: AFEMA (Asociaci&oacute;n de Familiares y Enfermos Mentales de Alicante).<\/span><br \/><span>&nbsp;<\/span><br \/><b><br \/><\/b><br \/><b>Viernes, 17 de Mayo:&nbsp;<span>CONCENTRACI&Oacute;N CONTRA LA LGTBFOBIA<\/span><\/b><\/p>\n<ul>\n<li>\n<b><span>20 hrs.&nbsp;<\/span><\/b><span>Plaza San Crist&oacute;bal, Alicante.<\/span><b><\/b>\n<\/li>\n<\/ul>\n<p><span>Organiza: Diversitat.<\/span><br \/><span>&nbsp;<\/span><br \/><b><br \/><\/b><br \/><b>S&aacute;bado, 18 de Mayo:&nbsp;<span>TORNEO L&Eacute;SBICO DE F&Uacute;TBOL CONTRA LA LGTBFOBIA.<\/span><\/b><\/p>\n<ul>\n<li>\n<b>De 10 a 14 hrs.&nbsp;<\/b>Universidad de Alicante (Campus de San Vicente).<b><\/b>\n<\/li>\n<\/ul>\n<p><span>Organiza: Diversitat.<\/span><br \/><span><br \/><\/span><span><br \/><\/span><\/p>\n","protected":false},"author":63,"featured_media":0,"comment_status":"closed","ping_status":"closed","sticky":false,"template":"","format":"standard","meta":{"footnotes":""},"categories":[31],"tags":[],"class_list":["post-585","post","type-post","status-publish","format-standard","hentry","category-fils-rss"],"_links":{"self":[{"href":"https:\/\/radioalma.eu\/horizonte\/wp-json\/wp\/v2\/posts\/585","targetHints":{"allow":["GET"]}}],"collection":[{"href":"https:\/\/radioalma.eu\/horizonte\/wp-json\/wp\/v2\/posts"}],"about":[{"href":"https:\/\/radioalma.eu\/horizonte\/wp-json\/wp\/v2\/types\/post"}],"author":[{"embeddable":true,"href":"https:\/\/radioalma.eu\/horizonte\/wp-json\/wp\/v2\/users\/63"}],"replies":[{"embeddable":true,"href":"https:\/\/radioalma.eu\/horizonte\/wp-json\/wp\/v2\/comments?post=585"}],"version-history":[{"count":0,"href":"https:\/\/radioalma.eu\/horizonte\/wp-json\/wp\/v2\/posts\/585\/revisions"}],"wp:attachment":[{"href":"https:\/\/radioalma.eu\/horizonte\/wp-json\/wp\/v2\/media?parent=585"}],"wp:term":[{"taxonomy":"category","embeddable":true,"href":"https:\/\/radioalma.eu\/horizonte\/wp-json\/wp\/v2\/categories?post=585"},{"taxonomy":"post_tag","embeddable":true,"href":"https:\/\/radioalma.eu\/horizonte\/wp-json\/wp\/v2\/tags?post=585"}],"curies":[{"name":"wp","href":"https:\/\/api.w.org\/{rel}","templated":true}]}}