{"id":586,"date":"2013-05-03T02:51:55","date_gmt":"2013-05-03T01:51:55","guid":{"rendered":"http:\/\/radiomalva.org\/?p=10491"},"modified":"2013-05-03T02:51:55","modified_gmt":"2013-05-03T01:51:55","slug":"fiesta-de-la-13-14-el-fanzine-de-el-cabanyal","status":"publish","type":"post","link":"https:\/\/radioalma.eu\/horizonte\/2013\/05\/03\/fiesta-de-la-13-14-el-fanzine-de-el-cabanyal\/","title":{"rendered":"Fiesta de la 13-14: El fanzine de El Cabanyal"},"content":{"rendered":"<p>El S\u00e1bado 4 de Mayo a partir d las 20h en\u00a0 L&#8217;Escola de El Cabanyal Carrer Progr\u00e9s 159 Fanzines, concurso, tapeo, buen rollito, encuentro con el p\u00fablico, concierto y m\u00e1s&#8230;. http:\/\/www.la1314fanzine.com\/ https:\/\/www.facebook.com\/events\/101307423407662\/ Con la actuaci\u00f3n de: \u00a0<img decoding=\"async\" alt=\"\" border=\"0\" src=\"http:\/\/stats.wordpress.com\/b.gif?host=radiomalva.org&#038;blog=150757&#038;%23038;post=10491&#038;%23038;subd=radiomalva&#038;%23038;ref=&#038;%23038;feed=1\" width=\"1\" height=\"1\" \/><\/p>\n","protected":false},"excerpt":{"rendered":"<p>El S&aacute;bado 4 de Mayo a partir d las 20h en&nbsp; L&rsquo;Escola de El Cabanyal Carrer Progr&eacute;s 159 Fanzines, concurso, tapeo, buen rollito, encuentro con el p&uacute;blico, concierto y m&aacute;s&hellip;. http:\/\/www.la1314fanzine.com\/ https:\/\/www.facebook.com\/events\/101307423407662\/ Con la actuaci&oacute;n de: &nbsp;<img decoding=\"async\" alt=\"\" border=\"0\" src=\"http:\/\/stats.wordpress.com\/b.gif?host=radiomalva.org&amp;blog=150757&amp;post=10491&amp;subd=radiomalva&amp;ref=&amp;feed=1\" width=\"1\" height=\"1\"><\/p>\n","protected":false},"author":62,"featured_media":0,"comment_status":"closed","ping_status":"closed","sticky":false,"template":"","format":"standard","meta":{"footnotes":""},"categories":[31],"tags":[],"class_list":["post-586","post","type-post","status-publish","format-standard","hentry","category-fils-rss"],"_links":{"self":[{"href":"https:\/\/radioalma.eu\/horizonte\/wp-json\/wp\/v2\/posts\/586","targetHints":{"allow":["GET"]}}],"collection":[{"href":"https:\/\/radioalma.eu\/horizonte\/wp-json\/wp\/v2\/posts"}],"about":[{"href":"https:\/\/radioalma.eu\/horizonte\/wp-json\/wp\/v2\/types\/post"}],"author":[{"embeddable":true,"href":"https:\/\/radioalma.eu\/horizonte\/wp-json\/wp\/v2\/users\/62"}],"replies":[{"embeddable":true,"href":"https:\/\/radioalma.eu\/horizonte\/wp-json\/wp\/v2\/comments?post=586"}],"version-history":[{"count":0,"href":"https:\/\/radioalma.eu\/horizonte\/wp-json\/wp\/v2\/posts\/586\/revisions"}],"wp:attachment":[{"href":"https:\/\/radioalma.eu\/horizonte\/wp-json\/wp\/v2\/media?parent=586"}],"wp:term":[{"taxonomy":"category","embeddable":true,"href":"https:\/\/radioalma.eu\/horizonte\/wp-json\/wp\/v2\/categories?post=586"},{"taxonomy":"post_tag","embeddable":true,"href":"https:\/\/radioalma.eu\/horizonte\/wp-json\/wp\/v2\/tags?post=586"}],"curies":[{"name":"wp","href":"https:\/\/api.w.org\/{rel}","templated":true}]}}