{"id":609,"date":"2013-06-25T14:58:00","date_gmt":"2013-06-25T13:58:00","guid":{"rendered":"http:\/\/radioalma.eu\/horizonte\/?p=609"},"modified":"2013-06-25T16:50:56","modified_gmt":"2013-06-25T15:50:56","slug":"en-clave-de-sexo-7-educacion-sexual","status":"publish","type":"post","link":"https:\/\/radioalma.eu\/horizonte\/2013\/06\/25\/en-clave-de-sexo-7-educacion-sexual\/","title":{"rendered":"En Clave de Sexo 7: Educaci\u00f3n sexual"},"content":{"rendered":"<p>&nbsp;<\/p>\n<p style=\"text-align: center\" align=\"JUSTIFY\"><a href=\"http:\/\/radioalma.eu\/horizonte\/files\/2013\/03\/Logo-En-clave-de-sexo.jpg\"><img decoding=\"async\" class=\"size-full wp-image-25 aligncenter\" alt=\"Logo En clave de sexo\" src=\"http:\/\/radioalma.eu\/horizonte\/files\/2013\/03\/Logo-En-clave-de-sexo.jpg\" width=\"200\" height=\"151\" \/><\/a><\/p>\n<p align=\"JUSTIFY\"><span style=\"font-family: Andalus, serif\"><span style=\"font-size: medium\">Pendant l&rsquo;\u00e9mission d&rsquo;aujourd&rsquo;hui, nous parlons des nouvelles publi\u00e9es dans diff\u00e9rents m\u00e9dias sur l&rsquo;\u00e9ducation sexuelle et sera \u00e9galement donn\u00e9 les cl\u00e9s de parler de sexe avec des fils et des filles sans aucune honte.<\/span><\/span><\/p>\n<p align=\"JUSTIFY\"><span style=\"font-family: Andalus, serif\"><span style=\"font-size: medium\">Espana sur l&rsquo;\u00e9ducation sexuelle \u00e9tait positions plus faibles dans les pays occidentaux. Depuis que n<\/span><\/span><span style=\"font-family: Andalus, serif\"><span style=\"font-size: medium\">ous sommes petits est important que nous \u00e9duquons sexuellement, les soci\u00e9t\u00e9s qui sont plus librement en parlant de sexualit\u00e9, l&rsquo;avantage d&rsquo;informer les enfants sur la sexualit\u00e9, Aussi, nous vous donnons un num\u00e9ro de t\u00e9l\u00e9phone gratuit pour ceux qui ont des doutes peuvent toujours faire appel.<\/span><\/span><\/p>\n<p align=\"JUSTIFY\"><span style=\"font-family: Andalus, serif\"><span style=\"font-size: medium\">Les trois principales conclusions sont que nos enfants apprennent \u00e0 se conna\u00eetre, \u00e0 accepter et \u00e0 exp<\/span><\/span><span style=\"font-family: Andalus, serif\"><span style=\"font-size: medium\">rimer eux-m\u00eames \u00e9rotique. Et la r\u00e9flexion de ce programme est, ayant une orientation sexuelle que vous avez, le plus important est de savoir que vous pouvez \u00eatre heureux.<\/span><\/span><\/p>\n<p align=\"JUSTIFY\"><span style=\"font-family: Andalus, serif\"><span style=\"font-size: medium\"> \u00a0 (( \u00c9MISSION ))\u00a0<\/span><\/span><\/p>\n<p>&nbsp;<\/p>\n<p align=\"JUSTIFY\"><span style=\"font-family: Andalus, serif\"><span style=\"font-size: medium\"><span style=\"color: #222222\"><span style=\"font-family: Andalus, serif\"><span style=\"font-size: medium\">\u00abEn clave de sexo\u00bb, est une \u00e9mission de Radio Enlace, une association culturelle que, depuis 1989, organise des activit\u00e9s musicales, radiophoniques et th\u00e9\u00e2trales pour la communaut\u00e9 des voisins du district de Hortaleza, \u00e0 Madrid. Sa programmation a pour objectifs de servir sa communaut\u00e9 et refl\u00e8te d\u2019une mani\u00e8re utile et \u00e9quilibr\u00e9e la r\u00e9alit\u00e9 locale. Radio Enlace et fonctionne gr\u00e2ce \u00e0 la participation des b\u00e9n\u00e9voles, et comme radio associative, revendique un usage social et participatif des m\u00e9dias. Elle \u00e9mets sur le 107.5 fm, ainsi que sur Internet \u00e0<\/span><\/span><\/span><a style=\"font-family: Georgia, 'Times New Roman', 'Bitstream Charter', Times, serif;font-size: 13px\" href=\"http:\/\/www.radioenlace.org\/\" target=\"_blank\"><span style=\"color: #1155cc\"><span style=\"font-family: Andalus, serif\"><span style=\"font-size: medium\"><span>www.radioenlace.org<\/span><\/span><\/span><\/span><\/a><span style=\"color: #222222\"><span style=\"font-family: Andalus, serif\"><span style=\"font-size: medium\">.<\/span><\/span><\/span>\u00a0<\/span><\/span><\/p>\n<p align=\"JUSTIFY\"><span style=\"color: #222222\"><span style=\"font-family: Andalus, serif\"><span style=\"font-size: medium\">F\u00e1tima Magro est travailleuse sociale et experte en \u00e9ducation sexuelle et \u00e9galit\u00e9. Cette \u00e9mission bimensuelle, fait partie de \u00abMujeres en las ondas\u00bb, un projet qui pr\u00e9tends instruire sur l\u2019\u00e9galit\u00e9 d\u2019opportunit\u00e9s dans le sexe. Dans ce contexte, chaque \u00e9mission traite d&rsquo;une mani\u00e8re didactique et am\u00e8ne un sujet concret, et toujours du point de vue f\u00e9minin.<\/span><\/span><\/span><\/p>\n<p align=\"JUSTIFY\"><span style=\"color: #222222\"><span style=\"font-family: Andalus, serif\"><span style=\"font-size: medium\">Ce programme surgit de l\u2019initiative de F\u00e1tima Magro, qui voulait pallier aux carences, mythes et aprioris qui existent autour du sexe. Bien que bombard\u00e9s par une publicit\u00e9 toujours plus sexualis\u00e9e, paradoxalement notre soci\u00e9t\u00e9 parle tr\u00e8s peu du sexe, et quand elle le fait, ce n\u00b4est pas \u00e0 des fins p\u00e9dagogiques. L\u2019objectif de \u00abEn clave de sexo\u00bb, est de d\u00e9sapprendre la rigidit\u00e9 de notre \u00e9ducation sexuelle, et de d\u00e9couvrir par nous-m\u00eames ce que la soci\u00e9t\u00e9 a voulu \u00e9touffer.<\/span><\/span><\/span><\/p>\n<p align=\"JUSTIFY\"><span style=\"color: #222222\"><span style=\"font-family: Andalus, serif\"><span style=\"font-size: medium\">Radio Enlace croit qu\u2019une vision positive, juste et \u00e9galitaire de la sexualit\u00e9, aidera la soci\u00e9t\u00e9 \u00e0 mieux se conna\u00eetre, \u00e0 \u00e9liminer ces aprioris et \u00e0 d\u00e9velopper une sexualit\u00e9 \u00e9panouie. Dans les propres mots de Radio Enlace: \u00abla sant\u00e9 sexuelle est un droit, et pour cela, ce programme va aider \u00e0 un grand nombre de gens\u00bb.<\/span><\/span><\/span><\/p>\n<p align=\"JUSTIFY\"><span style=\"color: #222222\"><span style=\"font-family: Andalus, serif\"><span style=\"font-size: medium\">Vous \u00e9coutez cette \u00e9mission dans le cadre de Proyecto Horizonte, un partenariat o\u00f9 Radio Alma a pour objectif, la promotion de la richesse et de la diversit\u00e9 socioculturelle des radios associatives en espagnol qui existent dans le monde. Nous remercions Radio Enlace pour leur collaboration au d\u00e9veloppement de ce projet. Cette \u00e9mission \u00e0 \u00e9t\u00e9 produite avec la voix de Irene Quintela, le support linguistique de Jos\u00e9 Martinez y Ferreira et la r\u00e9daction de Raquel Jim\u00e9nez Otal.<\/span><\/span><\/span><\/p>\n<p align=\"JUSTIFY\"><span style=\"color: #222222\"><span style=\"font-family: Andalus, serif\"><span style=\"font-size: medium\">Vous pouvez r\u00e9\u00e9couter \u00abEn clave de sexo\u00bb sur le web de Radio Enlace, ainsi que sur notre blog, Proyecto Horizonte, sur\u00a0<\/span><\/span><\/span><a href=\"http:\/\/www.radioalma.eu\/\" target=\"_blank\"><span style=\"color: #1155cc\"><span style=\"font-family: Andalus, serif\"><span style=\"font-size: medium\"><span style=\"text-decoration: underline\">www.radioalma.eu<\/span><\/span><\/span><\/span><\/a><span style=\"color: #222222\"><span style=\"font-family: Andalus, serif\"><span style=\"font-size: medium\">. Vos critiques et suggestions sont les bienvenus!<\/span><\/span><\/span><\/p>\n<p align=\"JUSTIFY\"><span style=\"font-family: Andalus, serif\"><span style=\"font-size: medium\">\u00a0 \u00a0 \u00a0 \u00a0 \u00a0 \u00a0 \u00a0 \u00a0 \u00a0 \u00a0 \u00a0 \u00a0 \u00a0 \u00a0 \u00a0 \u00a0 \u00a0 \u00a0 \u00a0 \u00a0 \u00a0 \u00a0 \u00a0 \u00a0 \u00a0 \u00a0 \u00a0 \u00a0 \u00a0 \u00a0 \u00a0 \u00a0 \u00a0 \u00a0 \u00a0 \u00a0 \u00a0 \u00a0 \u00a0 \u00a0 \u00a0 \u00a0 \u00a0 \u00a0 \u00a0 \u00a0 \u00a0 \u00a0 \u00a0 \u00a0 \u00a0 \u00a0 \u00a0 \u00a0 \u00a0 \u00a0 \u00a0 \u00a0 \u00a0 \u00a0 \u00a0 \u00a0 \u00a0 \u00a0 \u00a0 \u00a0 \u00a0 \u00a0 \u00a0 \u00a0 \u00a0 \u00a0 \u00a0 \u00a0 \u00a0 \u00a0 \u00a0 \u00a0 \u00a0 \u00a0 \u00a0 \u00a0 \u00a0 \u00a0 \u00a0 \u00a0 \u00a0 \u00a0 \u00a0 \u00a0 \u00a0 \u00a0 \u00a0 \u00a0 \u00a0 \u00a0 \u00a0 \u00a0 \u00a0 \u00a0 \u00a0 \u00a0 \u00a0 \u00a0 \u00a0 \u00a0 \u00a0 \u00a0 \u00a0 \u00a0 \u00a0 \u00a0 \u00a0 \u00a0 \u00a0 \u00a0 \u00a0 \u00a0 \u00a0 \u00a0 \u00a0 \u00a0 \u00a0 \u00a0 \u00a0 \u00a0 \u00a0 \u00a0 \u00a0 \u00a0 \u00a0 \u00a0 \u00a0 \u00a0 \u00a0 \u00a0 \u00a0 \u00a0 \u00a0 \u00a0 \u00a0 \u00a0 \u00a0 \u00a0 \u00a0 \u00a0 \u00a0 \u00a0 \u00a0 \u00a0 \u00a0 \u00a0 \u00a0 \u00a0 \u00a0 \u00a0 \u00a0 \u00a0 \u00a0 \u00a0 \u00a0 \u00a0 \u00a0 \u00a0 \u00a0 \u00a0 \u00a0 \u00a0 \u00a0 \u00a0 \u00a0 \u00a0 \u00a0 \u00a0 \u00a0 \u00a0 \u00a0\u00a0<\/span><\/span><\/p>\n","protected":false},"excerpt":{"rendered":"<p>&nbsp; Pendant l&rsquo;\u00e9mission d&rsquo;aujourd&rsquo;hui, nous parlons des nouvelles publi\u00e9es dans diff\u00e9rents m\u00e9dias sur l&rsquo;\u00e9ducation sexuelle et sera \u00e9galement donn\u00e9 les cl\u00e9s de parler de sexe avec des fils et des filles sans aucune honte. Espana sur l&rsquo;\u00e9ducation sexuelle \u00e9tait positions plus faibles dans les pays occidentaux. Depuis que nous sommes&#8230;<\/p>\n","protected":false},"author":60,"featured_media":0,"comment_status":"open","ping_status":"open","sticky":false,"template":"","format":"standard","meta":{"footnotes":""},"categories":[17],"tags":[],"class_list":["post-609","post","type-post","status-publish","format-standard","hentry","category-en-cours"],"_links":{"self":[{"href":"https:\/\/radioalma.eu\/horizonte\/wp-json\/wp\/v2\/posts\/609","targetHints":{"allow":["GET"]}}],"collection":[{"href":"https:\/\/radioalma.eu\/horizonte\/wp-json\/wp\/v2\/posts"}],"about":[{"href":"https:\/\/radioalma.eu\/horizonte\/wp-json\/wp\/v2\/types\/post"}],"author":[{"embeddable":true,"href":"https:\/\/radioalma.eu\/horizonte\/wp-json\/wp\/v2\/users\/60"}],"replies":[{"embeddable":true,"href":"https:\/\/radioalma.eu\/horizonte\/wp-json\/wp\/v2\/comments?post=609"}],"version-history":[{"count":0,"href":"https:\/\/radioalma.eu\/horizonte\/wp-json\/wp\/v2\/posts\/609\/revisions"}],"wp:attachment":[{"href":"https:\/\/radioalma.eu\/horizonte\/wp-json\/wp\/v2\/media?parent=609"}],"wp:term":[{"taxonomy":"category","embeddable":true,"href":"https:\/\/radioalma.eu\/horizonte\/wp-json\/wp\/v2\/categories?post=609"},{"taxonomy":"post_tag","embeddable":true,"href":"https:\/\/radioalma.eu\/horizonte\/wp-json\/wp\/v2\/tags?post=609"}],"curies":[{"name":"wp","href":"https:\/\/api.w.org\/{rel}","templated":true}]}}