{"id":613,"date":"2013-06-25T15:55:17","date_gmt":"2013-06-25T14:55:17","guid":{"rendered":"http:\/\/radioalma.eu\/horizonte\/?p=613"},"modified":"2013-06-25T16:37:57","modified_gmt":"2013-06-25T15:37:57","slug":"radio-solidaria-amiga-entrevista-a-susana-martinez","status":"publish","type":"post","link":"https:\/\/radioalma.eu\/horizonte\/2013\/06\/25\/radio-solidaria-amiga-entrevista-a-susana-martinez\/","title":{"rendered":"Radio Solidaria Amiga 9: Entrevista a Susana Martinez"},"content":{"rendered":"<p><span style=\"color: #008000\">Dans cette \u00e9mission, nous rencontrons Susana Martinez. Susana est la directrice de \u00ab\u00a0turadio.com\u00a0\u00bb o\u00f9 elle produit sa propre \u00e9mission musicale \u00ab\u00a0SUSI IN THE NIGHT\u00a0\u00bb. Les \u00e9l\u00e8ves de l&rsquo;\u00e9cole primaire El Murtal l\u2019interviewent.<\/span><br \/>\n<span style=\"color: #008000\">Ses passions sont la musique des ann\u00e9es 80, les voitures, les motos et la vitesse.<\/span><br \/>\n<span style=\"color: #008000\">Quand a-t-elle commenc\u00e9 \u00e0 travailler \u00e0 la radio? Combien de temps lui faut-il pour produire une \u00e9mission?, Quel est son public? &#8230; Tout cela et bien plus, Susana Martinez nous le r\u00e9v\u00e8le dans cette \u00e9mission.<\/span><br \/>\n<span style=\"color: #008000\">Vous pouvez \u00e9couter son \u00e9mission en ligne, \u00ab\u00a0SUSI IN THE NIGHT\u00a0\u00bb, chaque mercredi de 23h00 \u00e0 24h00 sur le site \u00ab\u00a0turadiopuntocom.es\u00a0\u00bb.<\/span><br \/>\n<span style=\"color: #008000\">Cette \u00e9mission a de singulier, que vous savez toujours comment elle commence &#8230; mais jamais comment elle finit &#8230;<\/span><br \/>\n<span style=\"color: #008000\">Bonne \u00e9coute !<\/span><\/p>\n<p><span style=\"color: #00ff00\"><b>(( \u00e9mission ))<\/b><\/span><\/p>\n<p><span style=\"color: #008000\">Radio Solidaria Amiga est une radio scolaire r\u00e9alis\u00e9e par les \u00e9l\u00e8ves de l&rsquo; \u00e9cole \u00abEl Murtal\u00bb avec l\u00b4aide de ses professeurs et de la fondatrice et directrice de la radio: Magdalena Galiana Lloret. L&rsquo; \u00e9cole est bas\u00e9e \u00e0 Benidorm (Alicante), et la mission de la radio est d&rsquo; \u00e9duquer les \u00e9l\u00e8ves en valeurs et fomenter la solidarit\u00e9 entre eux.<\/span><br \/>\n<span style=\"color: #008000\">On utilise la radio pour motiver l&rsquo;apprentissage des \u00e9l\u00e8ves et pour favoriser\u00a0l\u2019int\u00e9gration\u00a0sociale des \u00e9l\u00e8ves des autres pays. Ainsi, la radio est un outil pr\u00e9cieux pour le futur\u00a0curriculum\u00a0des enfants, car ils apprennent \u00e0 parler en public et d\u00e9veloppent des comp\u00e9tences sociales qui les seront\u00a0avantageuses\u00a0dans leur vie d&rsquo; adulte.<\/span><br \/>\n<span style=\"color: #008000\">En somme, la radio est une mani\u00e8re d&rsquo; apprendre en s&rsquo; amusant, enrichit la convivialit\u00e9 entre les \u00e9l\u00e8ves et nourrit sa curiosit\u00e9 inn\u00e9e.<\/span><br \/>\n<span style=\"color: #008000\">Radio Solidaria Amiga \u00e9mets \u00e0 travers d&rsquo;Internet, et vous pouvez l&rsquo;\u00e9couter \u00e0\u00a0www.radiosolidariaamiga.es\u00a0tous les vendredis \u00e0 15 heures.<\/span><\/p>\n<p style=\"text-align: center\">\u00a0<a href=\"http:\/\/radioalma.eu\/horizonte\/files\/2013\/03\/RadioSolidariaAmiga.jpg\"><img decoding=\"async\" class=\"size-full wp-image-128 aligncenter\" alt=\"RadioSolidariaAmiga\" src=\"http:\/\/radioalma.eu\/horizonte\/files\/2013\/03\/RadioSolidariaAmiga.jpg\" width=\"190\" height=\"190\" srcset=\"https:\/\/radioalma.eu\/horizonte\/files\/2013\/03\/RadioSolidariaAmiga.jpg 190w, https:\/\/radioalma.eu\/horizonte\/files\/2013\/03\/RadioSolidariaAmiga-150x150.jpg 150w, https:\/\/radioalma.eu\/horizonte\/files\/2013\/03\/RadioSolidariaAmiga-60x60.jpg 60w, https:\/\/radioalma.eu\/horizonte\/files\/2013\/03\/RadioSolidariaAmiga-120x120.jpg 120w\" sizes=\"(max-width: 190px) 100vw, 190px\" \/><\/a><\/p>\n","protected":false},"excerpt":{"rendered":"<p>Dans cette \u00e9mission, nous rencontrons Susana Martinez. Susana est la directrice de \u00ab\u00a0turadio.com\u00a0\u00bb o\u00f9 elle produit sa propre \u00e9mission musicale \u00ab\u00a0SUSI IN THE NIGHT\u00a0\u00bb. Les \u00e9l\u00e8ves de l&rsquo;\u00e9cole primaire El Murtal l\u2019interviewent. Ses passions sont la musique des ann\u00e9es 80, les voitures, les motos et la vitesse. Quand a-t-elle commenc\u00e9&#8230;<\/p>\n","protected":false},"author":60,"featured_media":0,"comment_status":"open","ping_status":"open","sticky":false,"template":"","format":"standard","meta":{"footnotes":""},"categories":[17],"tags":[],"class_list":["post-613","post","type-post","status-publish","format-standard","hentry","category-en-cours"],"_links":{"self":[{"href":"https:\/\/radioalma.eu\/horizonte\/wp-json\/wp\/v2\/posts\/613","targetHints":{"allow":["GET"]}}],"collection":[{"href":"https:\/\/radioalma.eu\/horizonte\/wp-json\/wp\/v2\/posts"}],"about":[{"href":"https:\/\/radioalma.eu\/horizonte\/wp-json\/wp\/v2\/types\/post"}],"author":[{"embeddable":true,"href":"https:\/\/radioalma.eu\/horizonte\/wp-json\/wp\/v2\/users\/60"}],"replies":[{"embeddable":true,"href":"https:\/\/radioalma.eu\/horizonte\/wp-json\/wp\/v2\/comments?post=613"}],"version-history":[{"count":0,"href":"https:\/\/radioalma.eu\/horizonte\/wp-json\/wp\/v2\/posts\/613\/revisions"}],"wp:attachment":[{"href":"https:\/\/radioalma.eu\/horizonte\/wp-json\/wp\/v2\/media?parent=613"}],"wp:term":[{"taxonomy":"category","embeddable":true,"href":"https:\/\/radioalma.eu\/horizonte\/wp-json\/wp\/v2\/categories?post=613"},{"taxonomy":"post_tag","embeddable":true,"href":"https:\/\/radioalma.eu\/horizonte\/wp-json\/wp\/v2\/tags?post=613"}],"curies":[{"name":"wp","href":"https:\/\/api.w.org\/{rel}","templated":true}]}}