{"id":618,"date":"2013-06-25T16:12:30","date_gmt":"2013-06-25T15:12:30","guid":{"rendered":"http:\/\/radioalma.eu\/horizonte\/?p=618"},"modified":"2013-06-25T16:12:30","modified_gmt":"2013-06-25T15:12:30","slug":"radio-solidaria-amiga-10-entrevista-a-maria-cristina-salas","status":"publish","type":"post","link":"https:\/\/radioalma.eu\/horizonte\/2013\/06\/25\/radio-solidaria-amiga-10-entrevista-a-maria-cristina-salas\/","title":{"rendered":"Radio Solidaria Amiga 10: Entrevista a Maria Cristina Salas"},"content":{"rendered":"<p style=\"text-align: center\"><a href=\"http:\/\/radioalma.eu\/horizonte\/files\/2013\/03\/RadioSolidariaAmiga.jpg\"><img decoding=\"async\" class=\"size-full wp-image-128 aligncenter\" alt=\"RadioSolidariaAmiga\" src=\"http:\/\/radioalma.eu\/horizonte\/files\/2013\/03\/RadioSolidariaAmiga.jpg\" width=\"190\" height=\"190\" srcset=\"https:\/\/radioalma.eu\/horizonte\/files\/2013\/03\/RadioSolidariaAmiga.jpg 190w, https:\/\/radioalma.eu\/horizonte\/files\/2013\/03\/RadioSolidariaAmiga-150x150.jpg 150w, https:\/\/radioalma.eu\/horizonte\/files\/2013\/03\/RadioSolidariaAmiga-60x60.jpg 60w, https:\/\/radioalma.eu\/horizonte\/files\/2013\/03\/RadioSolidariaAmiga-120x120.jpg 120w\" sizes=\"(max-width: 190px) 100vw, 190px\" \/><\/a><\/p>\n<p style=\"text-align: center\">\n<p style=\"text-align: center\">\n<p>&nbsp;<\/p>\n<p lang=\"fr-BE\"><span style=\"color: #7e0021\"><span style=\"font-family: Andalus, serif\"><span style=\"font-size: medium\">Cette nouvelle \u00e9mission de Radio Solidaria Amiga est consacr\u00e9e \u00e0 la terre et \u00e0 la nature.<\/span><\/span><\/span><\/p>\n<p>&nbsp;<\/p>\n<p lang=\"fr-BE\"><span style=\"color: #7e0021\"><span style=\"font-family: Andalus, serif\"><span style=\"font-size: medium\">Dans le cadre la Journ\u00e9e mondiale de la terre, une comm\u00e9moration\u00a0inaugur\u00e9\u00a0en 1970 aux \u00c9tats Unis et en Europe Occidental, les \u00e9l\u00e8ves de deuxi\u00e8me ann\u00e9e primaire de l&rsquo;\u00e9cole El Murtal interviewent l&rsquo;\u00e9crivaine de contes pour enfants Mar\u00eda Cristina Salas.\u00a0<\/span><\/span><\/span><\/p>\n<p>&nbsp;<\/p>\n<p><span style=\"color: #7e0021\"><span style=\"font-family: Andalus, serif\"><span style=\"font-size: medium\">A travers cette interview, nous allons d\u00e9couvrir l&rsquo;invit\u00e9 du jour : elle est tr\u00e8s soucieuse de l&rsquo;environnement, elle a une pr\u00e9f\u00e9rence pour les animaux sauvages, etc&#8230;\u00a0Nous saurons\u00a0\u00e9galement\u00a0quand a d\u00e9but\u00e9 son activit\u00e9 d&rsquo;\u00e9crivain et elle nous fera part d&rsquo;anecdotes tr\u00e8s curieuses qu&rsquo;elle a v\u00e9cues tout au long de sa vie.<\/span><\/span><\/span><\/p>\n<p>&nbsp;<\/p>\n<p lang=\"fr-BE\"><span style=\"color: #7e0021\"><span style=\"font-family: Andalus, serif\"><span style=\"font-size: medium\">L&rsquo;auteur conclura l&rsquo;\u00e9mission par\u00a0la\u00a0lecture\u00a0d&rsquo;un de ses contes pour enfants.\u00a0<\/span><\/span><\/span><\/p>\n<p>&nbsp;<\/p>\n<p lang=\"fr-BE\"><span style=\"color: #7e0021\"><span style=\"font-family: Andalus, serif\"><span style=\"font-size: medium\">Bonne \u00e9coute!<\/span><\/span><\/span><\/p>\n<p>&nbsp;<\/p>\n<p>&nbsp;<\/p>\n<h1 align=\"JUSTIFY\"><span style=\"color: #7e0021\"><span><b><span style=\"font-family: Andalus, serif\">((<\/span><span style=\"font-family: Times\">\u00e9mission<\/span> <span style=\"font-family: Andalus, serif\">))<\/span><\/b><\/span><\/span><\/h1>\n<p>&nbsp;<\/p>\n<p lang=\"fr-BE\">\n<p>&nbsp;<\/p>\n<p lang=\"zxx\" align=\"JUSTIFY\"><span style=\"color: #7e0021\"><span style=\"font-family: Andalus, serif\"><span style=\"font-size: medium\">Radio Solidaria Amiga est une radio scolaire r\u00e9alis\u00e9e par les \u00e9l\u00e8ves de l&rsquo; \u00e9cole \u00abEl Murtal\u00bb avec l\u00b4aide de ses professeurs et de la fondatrice et directrice de la radio: Magdalena Galiana Lloret. L&rsquo; \u00e9cole est bas\u00e9e \u00e0 Benidorm (Alicante), et la mission de la radio est d&rsquo; \u00e9duquer les \u00e9l\u00e8ves en valeurs et fomenter la solidarit\u00e9 entre eux.<\/span><\/span><\/span><\/p>\n<p>&nbsp;<\/p>\n<p lang=\"zxx\" align=\"JUSTIFY\"><span style=\"color: #7e0021\"><span style=\"font-family: Andalus, serif\"><span style=\"font-size: medium\">On utilise la radio pour motiver l&rsquo;apprentissage des \u00e9l\u00e8ves et pour favoriser\u00a0l\u2019int\u00e9gration\u00a0sociale des \u00e9l\u00e8ves des autres pays. Ainsi, la radio est un outil pr\u00e9cieux pour le futur\u00a0curriculum\u00a0des enfants, car ils apprennent \u00e0 parler en public et d\u00e9veloppent des comp\u00e9tences sociales qui les seront\u00a0avantageuses\u00a0dans leur vie d&rsquo; adulte.<\/span><\/span><\/span><\/p>\n<p>&nbsp;<\/p>\n<p lang=\"zxx\" align=\"JUSTIFY\"><span style=\"color: #7e0021\"><span style=\"font-family: Andalus, serif\"><span style=\"font-size: medium\">En somme, la radio est une mani\u00e8re d&rsquo; apprendre en s&rsquo; amusant, enrichit la convivialit\u00e9 entre les \u00e9l\u00e8ves et nourrit sa curiosit\u00e9 inn\u00e9e.<\/span><\/span><\/span><\/p>\n<p>&nbsp;<\/p>\n<p align=\"JUSTIFY\"><span style=\"color: #7e0021\"><span style=\"font-family: Andalus, serif\"><span style=\"font-size: medium\">Radio Solidaria Amiga \u00e9mets \u00e0 travers d&rsquo;Internet, et vous pouvez l&rsquo;\u00e9couter \u00e0\u00a0<\/span><\/span><\/span><a href=\"http:\/\/www.radiosolidariaamiga.es\/\"><span style=\"color: #7e0021\"><span style=\"font-family: Andalus, serif\"><span style=\"font-size: medium\"><span style=\"text-decoration: underline\">www.radiosolidariaamiga.es<\/span><\/span><\/span><\/span><\/a><span style=\"color: #7e0021\"><span style=\"font-family: Andalus, serif\"><span style=\"font-size: medium\">\u00a0tous les vendredis \u00e0 15 heures.<\/span><\/span><\/span><\/p>\n<p><span style=\"font-size: small\">\u00a0<\/span><\/p>\n<p align=\"JUSTIFY\">\n","protected":false},"excerpt":{"rendered":"<p>&nbsp; Cette nouvelle \u00e9mission de Radio Solidaria Amiga est consacr\u00e9e \u00e0 la terre et \u00e0 la nature. &nbsp; Dans le cadre la Journ\u00e9e mondiale de la terre, une comm\u00e9moration\u00a0inaugur\u00e9\u00a0en 1970 aux \u00c9tats Unis et en Europe Occidental, les \u00e9l\u00e8ves de deuxi\u00e8me ann\u00e9e primaire de l&rsquo;\u00e9cole El Murtal interviewent l&rsquo;\u00e9crivaine de&#8230;<\/p>\n","protected":false},"author":60,"featured_media":0,"comment_status":"open","ping_status":"open","sticky":false,"template":"","format":"standard","meta":{"footnotes":""},"categories":[17],"tags":[],"class_list":["post-618","post","type-post","status-publish","format-standard","hentry","category-en-cours"],"_links":{"self":[{"href":"https:\/\/radioalma.eu\/horizonte\/wp-json\/wp\/v2\/posts\/618","targetHints":{"allow":["GET"]}}],"collection":[{"href":"https:\/\/radioalma.eu\/horizonte\/wp-json\/wp\/v2\/posts"}],"about":[{"href":"https:\/\/radioalma.eu\/horizonte\/wp-json\/wp\/v2\/types\/post"}],"author":[{"embeddable":true,"href":"https:\/\/radioalma.eu\/horizonte\/wp-json\/wp\/v2\/users\/60"}],"replies":[{"embeddable":true,"href":"https:\/\/radioalma.eu\/horizonte\/wp-json\/wp\/v2\/comments?post=618"}],"version-history":[{"count":0,"href":"https:\/\/radioalma.eu\/horizonte\/wp-json\/wp\/v2\/posts\/618\/revisions"}],"wp:attachment":[{"href":"https:\/\/radioalma.eu\/horizonte\/wp-json\/wp\/v2\/media?parent=618"}],"wp:term":[{"taxonomy":"category","embeddable":true,"href":"https:\/\/radioalma.eu\/horizonte\/wp-json\/wp\/v2\/categories?post=618"},{"taxonomy":"post_tag","embeddable":true,"href":"https:\/\/radioalma.eu\/horizonte\/wp-json\/wp\/v2\/tags?post=618"}],"curies":[{"name":"wp","href":"https:\/\/api.w.org\/{rel}","templated":true}]}}