{"id":630,"date":"2013-06-25T16:46:14","date_gmt":"2013-06-25T15:46:14","guid":{"rendered":"http:\/\/radioalma.eu\/horizonte\/?p=630"},"modified":"2013-06-25T16:52:54","modified_gmt":"2013-06-25T15:52:54","slug":"en-clave-de-sexo-5-sexo-en-el-cine","status":"publish","type":"post","link":"https:\/\/radioalma.eu\/horizonte\/2013\/06\/25\/en-clave-de-sexo-5-sexo-en-el-cine\/","title":{"rendered":"En Clave de Sexo 5: Sexo en el cine"},"content":{"rendered":"<p align=\"JUSTIFY\"><a href=\"http:\/\/radioalma.eu\/horizonte\/files\/2013\/03\/Logo-Radio-Enlace-Completo.jpg\"><img fetchpriority=\"high\" decoding=\"async\" class=\"alignleft size-full wp-image-33\" alt=\"Logo Radio Enlace Completo\" src=\"http:\/\/radioalma.eu\/horizonte\/files\/2013\/03\/Logo-Radio-Enlace-Completo.jpg\" width=\"292\" height=\"386\" srcset=\"https:\/\/radioalma.eu\/horizonte\/files\/2013\/03\/Logo-Radio-Enlace-Completo.jpg 292w, https:\/\/radioalma.eu\/horizonte\/files\/2013\/03\/Logo-Radio-Enlace-Completo-226x300.jpg 226w\" sizes=\"(max-width: 292px) 100vw, 292px\" \/><\/a><\/p>\n<p align=\"JUSTIFY\"><span style=\"font-family: Calibri, sans-serif\">Radio Enlace, de Madrid, nous offre une nouvelle \u00e9mission de \u00abEn clave de sexo\u00bb, d\u00e9di\u00e9e \u00e0 l&rsquo;\u00e9ducation sexuelle. Aujourd&rsquo;hui, on fera un parcours filmique sur le traitement du sexe dans le cin\u00e9ma. F\u00e1tima Magro, animatrice de l&rsquo;\u00e9mission, raconte que le cin\u00e9ma \u00e0 \u00e9t\u00e9 pendant des ann\u00e9es, la seule source d&rsquo;information sur la sexualit\u00e9, mais la plupart des fois, il a montr\u00e9 une version tr\u00e8s st\u00e9r\u00e9otyp\u00e9e des relations de couple.<\/span><\/p>\n<p align=\"JUSTIFY\"><span style=\"font-family: Calibri, sans-serif\">Pour commencer, un chapitre de la s\u00e9rie espagnole \u00abLos Serrano\u00bb, nous montre les difficult\u00e9s d&rsquo;un p\u00e8re pour r\u00e9pondre aux questions sur \u00e9ducation sexuelle pos\u00e9es pour ses enfants. Ensuite, on parlera de Woody Allen, un des peu cin\u00e9astes <\/span><span style=\"font-family: Calibri, sans-serif\"><span style=\"font-size: medium\">qui \u00e0 os\u00e9 a montrer dans ses film ses r\u00e9flexions personnelles autour le sexe dans le film \u00abTodo lo que siempre quiso saber sobre el sexo pero nunca se atrevi\u00f3 a preguntar\u00a0\u00bb (como se dice en franc\u00e9s\u00a0???) de 1972. M\u00eame s&rsquo;il fait un film assez original pour l&rsquo;\u00e9poque, son histoire raconte seulement le point de vue masculin, et montre les m\u00e2les comme responsables du plaisir sexuel.<\/span><\/span><\/p>\n<p align=\"JUSTIFY\"><span style=\"font-family: Calibri, sans-serif\"><span style=\"font-size: medium\">La s\u00e9rie \u00abSexe \u00e0 New York\u00bb est aussi pleine de st\u00e9r\u00e9otypes et sexismes. La seule exception est Samantha, mais sa vie sexuelle tourne autour la recherche de \u00abla taille parfaite\u00bb. Dans \u00abAmerican Pie\u00bb, on montre une vision tr\u00e8s machiste, o\u00f9 les femmes sont seulement des objets de d\u00e9sir. Et dans les films espagnols le r\u00f4le de la femme est toujours passive et soumis. En somme, c&rsquo; est l&rsquo;homme qui toujours prends l\u2019initiative au cin\u00e9ma, tandis que la femme appara\u00eet comme un objet.<\/span><\/span><\/p>\n<p align=\"JUSTIFY\"><span style=\"font-family: Calibri, sans-serif\"><span style=\"font-size: medium\">D&rsquo;une autre c\u00f4t\u00e9, les films pornographiques sont toujours dirig\u00e9s vers les hommes et ne r\u00e9ussissent \u00e0 exciter les femmes. Ainsi, pour quoi il y a-t-il si peu de films pour le d\u00e9lice visuel f\u00e9minin? Comme Fatima nous rappelle, c\u2019est l&rsquo;heure de faire sortir notre regard critique pour que le cin\u00e9ma commence \u00e0 montrer une vision \u00e9galitaire du sexe.<\/span><\/span><\/p>\n<p align=\"JUSTIFY\"><span style=\"font-family: Calibri, sans-serif\"><span style=\"font-size: medium\">Dans la prochaine \u00e9mission on interviewera Erika Lust, r\u00e9alisatrice de cin\u00e9 \u00e9rotique et une des pionni\u00e8res de la \u00abpornographie f\u00e9ministe\u00bb<\/span><\/span><\/p>\n<p align=\"JUSTIFY\"><span style=\"font-family: Calibri, sans-serif\">Bonne \u00e9coute!<\/span><\/p>\n<h1 align=\"JUSTIFY\"><\/h1>\n<h1 align=\"JUSTIFY\">((\u00e9mission))<\/h1>\n<p align=\"JUSTIFY\"><span style=\"font-family: Calibri, sans-serif\"><span style=\"font-size: medium\"><a href=\"http:\/\/radioalma.eu\/horizonte\/files\/2013\/03\/Logo-En-clave-de-sexo.jpg\"><img decoding=\"async\" class=\"alignleft size-full wp-image-25\" alt=\"Logo En clave de sexo\" src=\"http:\/\/radioalma.eu\/horizonte\/files\/2013\/03\/Logo-En-clave-de-sexo.jpg\" width=\"200\" height=\"151\" \/><\/a>\u00abEn clave de sexo\u00bb, est une \u00e9mission de Radio Enlace, une association culturelle que, depuis 1989, organise des activit\u00e9s musicales, radiophoniques et th\u00e9\u00e2trales pour la communaut\u00e9 des voisins du district de Hortaleza, \u00e0 Madrid. Sa programmation a pour objectifs de servir sa communaut\u00e9 et refl\u00e8te d\u2019une mani\u00e8re utile et \u00e9quilibr\u00e9e la r\u00e9alit\u00e9 locale. Radio Enlace et fonctionne gr\u00e2ce \u00e0 la participation des b\u00e9n\u00e9voles, et comme radio associative, revendique un usage social et participatif des m\u00e9dias. Elle \u00e9mets sur le 107.5 fm, ainsi que sur Internet \u00e0 <\/span><\/span><span style=\"color: #000080\"><span style=\"text-decoration: underline\"><a href=\"http:\/\/www.radioenlace.org\/\"><span style=\"font-family: Calibri, sans-serif\"><span style=\"font-size: medium\">www.radioenlace.org<\/span><\/span><\/a><\/span><\/span><span style=\"font-family: Calibri, sans-serif\"><span style=\"font-size: medium\">.<\/span><\/span><\/p>\n<p align=\"JUSTIFY\"><span style=\"font-family: Calibri, sans-serif\"><span style=\"font-size: medium\">F\u00e1tima Magro est travailleuse sociale et experte en \u00e9ducation sexuelle et \u00e9galit\u00e9. Cette \u00e9mission bimensuelle, fait partie de \u00abMujeres en las ondas\u00bb, un projet qui pr\u00e9tends instruire sur l\u2019\u00e9galit\u00e9 d\u2019opportunit\u00e9s dans le sexe. Dans ce contexte, chaque \u00e9mission traite d&rsquo;une mani\u00e8re didactique et am\u00e8ne un sujet concret, et toujours du point de vue f\u00e9minin.<\/span><\/span><\/p>\n<p align=\"JUSTIFY\"><span style=\"font-family: Calibri, sans-serif\"><span style=\"font-size: medium\">Ce programme surgit de l\u2019initiative de F\u00e1tima Magro, qui voulait pallier aux carences, mythes et aprioris qui existent autour du sexe. Bien que bombard\u00e9s par une publicit\u00e9 toujours plus sexualis\u00e9e, paradoxalement notre soci\u00e9t\u00e9 parle tr\u00e8s peu du sexe, et quand elle le fait, ce n\u00b4est pas \u00e0 des fins p\u00e9dagogiques. L\u2019objectif de \u00abEn clave de sexo\u00bb, est de d\u00e9sapprendre la rigidit\u00e9 de notre \u00e9ducation sexuelle, et de d\u00e9couvrir par nous-m\u00eames ce que la soci\u00e9t\u00e9 a voulu \u00e9touffer.<\/span><\/span><\/p>\n<p><span style=\"font-family: Calibri, sans-serif\"><span style=\"font-size: medium\">Radio Enlace croit qu\u2019une vision positive, juste et \u00e9galitaire de la sexualit\u00e9, aidera la soci\u00e9t\u00e9 \u00e0 mieux se conna\u00eetre, \u00e0 \u00e9liminer ces aprioris et \u00e0 d\u00e9velopper une sexualit\u00e9 \u00e9panouie. Dans les propres mots de Radio Enlace: \u00abla sant\u00e9 sexuelle est un droit, et pour cela, ce programme va aider \u00e0 un grand nombre de gens\u00bb.<\/span><\/span><\/p>\n<p><span style=\"font-family: Calibri, sans-serif\"><span style=\"font-size: medium\">Vous \u00e9coutez cette \u00e9mission dans le cadre de Proyecto Horizonte, un partenariat o\u00f9 Radio Alma a pour objectif, la promotion de la richesse et de la diversit\u00e9 socioculturelle des radios associatives en espagnol qui existent dans le monde. Nous remercions Radio Enlace pour leur collaboration au d\u00e9veloppement de ce projet. Cette \u00e9mission \u00e0 \u00e9t\u00e9 produite avec la voix de Irene Quintela, le support linguistique de Jos\u00e9 Martinez y Ferreira et la r\u00e9daction de Raquel Jim\u00e9nez Otal.<\/span><\/span><\/p>\n<p align=\"JUSTIFY\"><span style=\"font-family: Calibri, sans-serif\"><span style=\"font-size: medium\">Vous pouvez r\u00e9\u00e9couter \u00abEn clave de sexo\u00bb sur le web de Radio Enlace, ainsi que sur notre blog, Proyecto Horizonte, sur <\/span><\/span><span style=\"color: #000080\"><span style=\"text-decoration: underline\"><a href=\"http:\/\/www.radioalma.eu\/\" target=\"_blank\"><span style=\"font-family: Calibri, sans-serif\"><span style=\"font-size: medium\">www.radioalma.eu<\/span><\/span><\/a><\/span><\/span><span style=\"font-family: Calibri, sans-serif\"><span style=\"font-size: medium\">. Vos critiques et suggestions sont les bienvenus!<\/span><\/span><\/p>\n","protected":false},"excerpt":{"rendered":"<p>Radio Enlace, de Madrid, nous offre une nouvelle \u00e9mission de \u00abEn clave de sexo\u00bb, d\u00e9di\u00e9e \u00e0 l&rsquo;\u00e9ducation sexuelle. Aujourd&rsquo;hui, on fera un parcours filmique sur le traitement du sexe dans le cin\u00e9ma. F\u00e1tima Magro, animatrice de l&rsquo;\u00e9mission, raconte que le cin\u00e9ma \u00e0 \u00e9t\u00e9 pendant des ann\u00e9es, la seule source d&rsquo;information&#8230;<\/p>\n","protected":false},"author":60,"featured_media":0,"comment_status":"open","ping_status":"open","sticky":false,"template":"","format":"standard","meta":{"footnotes":""},"categories":[17],"tags":[],"class_list":["post-630","post","type-post","status-publish","format-standard","hentry","category-en-cours"],"_links":{"self":[{"href":"https:\/\/radioalma.eu\/horizonte\/wp-json\/wp\/v2\/posts\/630","targetHints":{"allow":["GET"]}}],"collection":[{"href":"https:\/\/radioalma.eu\/horizonte\/wp-json\/wp\/v2\/posts"}],"about":[{"href":"https:\/\/radioalma.eu\/horizonte\/wp-json\/wp\/v2\/types\/post"}],"author":[{"embeddable":true,"href":"https:\/\/radioalma.eu\/horizonte\/wp-json\/wp\/v2\/users\/60"}],"replies":[{"embeddable":true,"href":"https:\/\/radioalma.eu\/horizonte\/wp-json\/wp\/v2\/comments?post=630"}],"version-history":[{"count":0,"href":"https:\/\/radioalma.eu\/horizonte\/wp-json\/wp\/v2\/posts\/630\/revisions"}],"wp:attachment":[{"href":"https:\/\/radioalma.eu\/horizonte\/wp-json\/wp\/v2\/media?parent=630"}],"wp:term":[{"taxonomy":"category","embeddable":true,"href":"https:\/\/radioalma.eu\/horizonte\/wp-json\/wp\/v2\/categories?post=630"},{"taxonomy":"post_tag","embeddable":true,"href":"https:\/\/radioalma.eu\/horizonte\/wp-json\/wp\/v2\/tags?post=630"}],"curies":[{"name":"wp","href":"https:\/\/api.w.org\/{rel}","templated":true}]}}