{"id":632,"date":"2013-06-25T16:50:27","date_gmt":"2013-06-25T15:50:27","guid":{"rendered":"http:\/\/radioalma.eu\/horizonte\/?p=632"},"modified":"2013-06-25T16:54:01","modified_gmt":"2013-06-25T15:54:01","slug":"en-clave-de-sexo-6-fantasias-sexuales","status":"publish","type":"post","link":"https:\/\/radioalma.eu\/horizonte\/2013\/06\/25\/en-clave-de-sexo-6-fantasias-sexuales\/","title":{"rendered":"En Clave de Sexo 6: fantas\u00edas sexuales"},"content":{"rendered":"<p align=\"JUSTIFY\"><a href=\"http:\/\/radioalma.eu\/horizonte\/files\/2013\/03\/Logo-En-clave-de-sexo.jpg\"><img decoding=\"async\" class=\"alignleft size-full wp-image-25\" alt=\"Logo En clave de sexo\" src=\"http:\/\/radioalma.eu\/horizonte\/files\/2013\/03\/Logo-En-clave-de-sexo.jpg\" width=\"200\" height=\"151\" \/><\/a><\/p>\n<p align=\"JUSTIFY\"><span style=\"font-family: Aparajita, sans-serif\"><span style=\"font-size: medium\">Dans le cadre de \u00abProyecto Horizonte\u00bb, Radio Enlace, de Madrid, nous offre aujourd&rsquo;hui une \u00e9mission sur les fantaisies sexuelles. Ce sera le th\u00e8me central de la s\u00e9rie \u00abEn clave de sexo\u00bb, une \u00e9mission o\u00f9 on va d\u00e9sapprendre la rigidit\u00e9 sexuelle avec laquelle on a \u00e9t\u00e9 \u00e9duqu\u00e9s. <\/span><\/span><\/p>\n<p align=\"JUSTIFY\"><span style=\"font-family: Calibri, sans-serif\"><span style=\"font-size: medium\"><span style=\"font-family: Aparajita, sans-serif\">F\u00e1tima Magro, animatrice de l&rsquo;\u00e9mission, donne la parole \u00e0 six auditeurs pour qu&rsquo;ils nous expliquent leur vision des \u00abfantaisies sexuelles\u00bb. On commencera pour d\u00e9couvrir que presque personne donne une vrai importance aux fantaisies, et selon les invit\u00e9s, dans leur relations sexuelles les fantaisies se rel\u00e8guent au second plan. Mais F\u00e1tima nous rappelle que on a un concept erron\u00e9 des fantaisies, car elles sont un pilier fondamental pour le d\u00e9veloppement de notre sexualit\u00e9. Puis,<\/span> <span style=\"font-family: Aparajita, sans-serif\">on d\u00e9couvrira quels sont les b\u00e9n\u00e9fices de partager les fantaisies avec son conjoint. <\/span><\/span><\/span><\/p>\n<p align=\"JUSTIFY\"><span style=\"font-family: Aparajita, sans-serif\"><span style=\"font-size: medium\">D&rsquo;habitude, on fait appel aux fantaisies qu&rsquo;on peut accomplir, et on \u00e9carte celles qui nous semblent irr\u00e9alisables. Mais il faut aussi maintenir ces derni\u00e8res, puisque pour le seul fait d\u2019\u00eatre irr\u00e9elles, elles reprends de la force dans notre imaginaire. Tout cela que nous semble inaccessible, devient beaucoup plus d\u00e9sirable pour nos esprits. Ainsi, l\u2019id\u00e9alisation des fantaisies est cela qui leur comble de magie. <\/span><\/span><\/p>\n<p align=\"JUSTIFY\"><span style=\"font-family: Calibri, sans-serif\"><span style=\"font-size: medium\"><span style=\"font-family: Aparajita, sans-serif\">En somme, les fantaisies cassent la routine et aident \u00e0 lib\u00e9rer la cr\u00e9ativit\u00e9 inh\u00e9rente \u00e0 toute personne. Aussi, elles aident \u00e0 surmonter le pudeur et l&rsquo;inhibition au niveau sexuel, et am\u00e9liorent la perception que chacun \u00e0 de soi-m\u00eame. <\/span><\/span><\/span><\/p>\n<p align=\"JUSTIFY\"><span style=\"font-family: Aparajita, sans-serif\"><span style=\"font-size: medium\">Bonne \u00e9coute!<\/span><\/span><\/p>\n<p align=\"JUSTIFY\">((\u00e9mission))<\/p>\n<p align=\"JUSTIFY\"><span style=\"font-family: Aparajita, sans-serif\"><span style=\"font-size: medium\">\u00abEn clave de sexo\u00bb, est une \u00e9mission de Radio Enlace, une association culturelle que, depuis 1989, organise des activit\u00e9s musicales, radiophoniques et th\u00e9\u00e2trales pour la communaut\u00e9 des voisins du district de Hortaleza, \u00e0 Madrid. Sa programmation a pour objectifs de servir sa communaut\u00e9 et refl\u00e8te d\u2019une mani\u00e8re utile et \u00e9quilibr\u00e9e la r\u00e9alit\u00e9 locale. Radio Enlace et fonctionne gr\u00e2ce \u00e0 la participation des b\u00e9n\u00e9voles, et comme radio associative, revendique un usage social et participatif des m\u00e9dias. Elle \u00e9mets sur le 107.5 fm, ainsi que sur Internet \u00e0 <\/span><\/span><a href=\"http:\/\/www.radioenlace.org\/\"><span style=\"color: #000080\"><span style=\"font-family: Aparajita, sans-serif\"><span style=\"font-size: medium\"><span style=\"text-decoration: underline\">www.radioenlace.org<\/span><\/span><\/span><\/span><\/a><span style=\"font-family: Aparajita, sans-serif\"><span style=\"font-size: medium\">.<\/span><\/span><\/p>\n<p align=\"JUSTIFY\"><span style=\"font-family: Aparajita, sans-serif\"><span style=\"font-size: medium\">F\u00e1tima Magro est travailleuse sociale et experte en \u00e9ducation sexuelle et \u00e9galit\u00e9. Cette \u00e9mission bimensuelle, fait partie de \u00abMujeres en las ondas\u00bb, un projet qui pr\u00e9tends instruire sur l\u2019\u00e9galit\u00e9 d\u2019opportunit\u00e9s dans le sexe. Dans ce contexte, chaque \u00e9mission traite d&rsquo;une mani\u00e8re didactique et am\u00e8ne un sujet concret, et toujours du point de vue f\u00e9minin. <\/span><\/span><\/p>\n<p align=\"JUSTIFY\"><span style=\"font-family: Aparajita, sans-serif\"><span style=\"font-size: medium\">Ce programme surgit de l\u2019initiative de F\u00e1tima Magro, qui voulait pallier aux carences, mythes et aprioris qui existent autour du sexe. Bien que bombard\u00e9s par une publicit\u00e9 toujours plus sexualis\u00e9e, paradoxalement notre soci\u00e9t\u00e9 parle tr\u00e8s peu du sexe, et quand elle le fait, ce n\u00b4est pas \u00e0 des fins p\u00e9dagogiques. L\u2019objectif de \u00abEn clave de sexo\u00bb, est de d\u00e9sapprendre la rigidit\u00e9 de notre \u00e9ducation sexuelle, et de d\u00e9couvrir par nous-m\u00eames ce que la soci\u00e9t\u00e9 a voulu \u00e9touffer.<\/span><\/span><\/p>\n<p>&nbsp;<\/p>\n<p><span style=\"font-family: Aparajita, sans-serif\"><span style=\"font-size: medium\">Radio Enlace croit qu\u2019une vision positive, juste et \u00e9galitaire de la sexualit\u00e9, aidera la soci\u00e9t\u00e9 \u00e0 mieux se conna\u00eetre, \u00e0 \u00e9liminer ces aprioris et \u00e0 d\u00e9velopper une sexualit\u00e9 \u00e9panouie. Dans les propres mots de Radio Enlace: \u00abla sant\u00e9 sexuelle est un droit, et pour cela, ce programme va aider \u00e0 un grand nombre de gens\u00bb. <\/span><\/span><\/p>\n<p>&nbsp;<\/p>\n<p><span style=\"font-family: Aparajita, sans-serif\"><span style=\"font-size: medium\">Vous \u00e9coutez cette \u00e9mission dans le cadre de Proyecto Horizonte, un partenariat o\u00f9 Radio Alma a pour objectif, la promotion de la richesse et de la diversit\u00e9 socioculturelle des radios associatives en espagnol qui existent dans le monde. Nous remercions Radio Enlace pour leur collaboration au d\u00e9veloppement de ce projet. Cette \u00e9mission \u00e0 \u00e9t\u00e9 produite avec la voix de Irene Quintela, le support linguistique de Jos\u00e9 Martinez y Ferreira et la r\u00e9daction de Raquel Jim\u00e9nez Otal.<\/span><\/span><\/p>\n<p align=\"JUSTIFY\"><span style=\"font-family: Aparajita, sans-serif\"><span style=\"font-size: medium\">Vous pouvez r\u00e9\u00e9couter \u00abEn clave de sexo\u00bb sur le web de Radio Enlace, ainsi que sur notre blog, Proyecto Horizonte, sur <\/span><\/span><a href=\"http:\/\/www.radioalma.eu\/\" target=\"_blank\"><span style=\"color: #000080\"><span style=\"font-family: Aparajita, sans-serif\"><span style=\"font-size: medium\"><span style=\"text-decoration: underline\">www.radioalma.eu<\/span><\/span><\/span><\/span><\/a><span style=\"font-family: Aparajita, sans-serif\"><span style=\"font-size: medium\">. Vos critiques et suggestions sont les bienvenus!<\/span><\/span><\/p>\n","protected":false},"excerpt":{"rendered":"<p>Dans le cadre de \u00abProyecto Horizonte\u00bb, Radio Enlace, de Madrid, nous offre aujourd&rsquo;hui une \u00e9mission sur les fantaisies sexuelles. Ce sera le th\u00e8me central de la s\u00e9rie \u00abEn clave de sexo\u00bb, une \u00e9mission o\u00f9 on va d\u00e9sapprendre la rigidit\u00e9 sexuelle avec laquelle on a \u00e9t\u00e9 \u00e9duqu\u00e9s. F\u00e1tima Magro, animatrice de&#8230;<\/p>\n","protected":false},"author":60,"featured_media":0,"comment_status":"open","ping_status":"open","sticky":false,"template":"","format":"standard","meta":{"footnotes":""},"categories":[17],"tags":[],"class_list":["post-632","post","type-post","status-publish","format-standard","hentry","category-en-cours"],"_links":{"self":[{"href":"https:\/\/radioalma.eu\/horizonte\/wp-json\/wp\/v2\/posts\/632","targetHints":{"allow":["GET"]}}],"collection":[{"href":"https:\/\/radioalma.eu\/horizonte\/wp-json\/wp\/v2\/posts"}],"about":[{"href":"https:\/\/radioalma.eu\/horizonte\/wp-json\/wp\/v2\/types\/post"}],"author":[{"embeddable":true,"href":"https:\/\/radioalma.eu\/horizonte\/wp-json\/wp\/v2\/users\/60"}],"replies":[{"embeddable":true,"href":"https:\/\/radioalma.eu\/horizonte\/wp-json\/wp\/v2\/comments?post=632"}],"version-history":[{"count":0,"href":"https:\/\/radioalma.eu\/horizonte\/wp-json\/wp\/v2\/posts\/632\/revisions"}],"wp:attachment":[{"href":"https:\/\/radioalma.eu\/horizonte\/wp-json\/wp\/v2\/media?parent=632"}],"wp:term":[{"taxonomy":"category","embeddable":true,"href":"https:\/\/radioalma.eu\/horizonte\/wp-json\/wp\/v2\/categories?post=632"},{"taxonomy":"post_tag","embeddable":true,"href":"https:\/\/radioalma.eu\/horizonte\/wp-json\/wp\/v2\/tags?post=632"}],"curies":[{"name":"wp","href":"https:\/\/api.w.org\/{rel}","templated":true}]}}