{"id":639,"date":"2013-06-25T17:08:20","date_gmt":"2013-06-25T16:08:20","guid":{"rendered":"http:\/\/radioalma.eu\/horizonte\/?p=639"},"modified":"2013-06-25T17:08:20","modified_gmt":"2013-06-25T16:08:20","slug":"viaje-por-el-fin-del-mundo-3-entrevista-con-eliecer-avila-y-la-fete-du-maio","status":"publish","type":"post","link":"https:\/\/radioalma.eu\/horizonte\/2013\/06\/25\/viaje-por-el-fin-del-mundo-3-entrevista-con-eliecer-avila-y-la-fete-du-maio\/","title":{"rendered":"Viaje por el fin del mundo 3: Entrevista con Eliecer Avila y la f\u00eate du Maio"},"content":{"rendered":"<p>&nbsp;<\/p>\n<p align=\"JUSTIFY\">\n<p style=\"text-align: center\" align=\"JUSTIFY\">\u00a0<a href=\"http:\/\/radioalma.eu\/horizonte\/files\/2013\/03\/CuacFM.jpg\"><img fetchpriority=\"high\" decoding=\"async\" class=\"size-full wp-image-102 aligncenter\" alt=\"CuacFM\" src=\"http:\/\/radioalma.eu\/horizonte\/files\/2013\/03\/CuacFM.jpg\" width=\"487\" height=\"487\" srcset=\"https:\/\/radioalma.eu\/horizonte\/files\/2013\/03\/CuacFM.jpg 487w, https:\/\/radioalma.eu\/horizonte\/files\/2013\/03\/CuacFM-150x150.jpg 150w, https:\/\/radioalma.eu\/horizonte\/files\/2013\/03\/CuacFM-300x300.jpg 300w, https:\/\/radioalma.eu\/horizonte\/files\/2013\/03\/CuacFM-60x60.jpg 60w, https:\/\/radioalma.eu\/horizonte\/files\/2013\/03\/CuacFM-120x120.jpg 120w\" sizes=\"(max-width: 487px) 100vw, 487px\" \/><\/a><\/p>\n<p align=\"JUSTIFY\">\n<p align=\"JUSTIFY\">\n<p align=\"JUSTIFY\">\n<p align=\"JUSTIFY\"><span style=\"color: #333333\"><span style=\"font-family: Andalus, serif\"><span style=\"font-size: medium\">Dans la nouvelle \u00e9mission de\u00a0Cuac\u00a0FM, nous allons \u00e9couter une interview tr\u00e8s int\u00e9ressante.\u00a0 Ils nous raconteront comment elle se passe une journ\u00e9e normale \u00e0 Cuba; comment est l&rsquo;\u00e9ducation, la situation \u00e9conomique et politique&#8230; Ceux-ci seront quelques uns des sujets que vous \u00e9couterez de la voix du jeune dissident Eliecer Avila.<\/span><\/span><\/span><\/p>\n<p align=\"JUSTIFY\">\n<p align=\"JUSTIFY\"><span style=\"color: #333333\"><span style=\"font-family: Andalus, serif\"><span style=\"font-size: medium\">Plus tard, ils nous parleront de l&rsquo;\u00e9v\u00e9nement le plus ancien de la Galice, la f\u00eate du Maio; ils vont nous raconter ce que c\u2019est; les 3 diff\u00e9rents types de Maios; comment cette f\u00eate s\u2019est adapt\u00e9e \u00e0 chaque ville, comment elle a evolu\u00e9e&#8230; A Ourense, elle a m\u00eame \u00e9t\u00e9 d\u00e9clar\u00e9e F\u00eate d&rsquo;int\u00e9r\u00eat touristique. Ensuite nous allons \u00e9couter un po\u00e8me du po\u00e8te galicien Curros Enriquez, d\u00e9di\u00e9 aux Maios.<\/span><\/span><\/span><\/p>\n<p align=\"JUSTIFY\">\n<p align=\"JUSTIFY\"><span style=\"color: #333333\"><span style=\"font-family: Andalus, serif\"><span style=\"font-size: medium\">Le programme se termine avec une chanson de Luis Emilio Batallan, `ahi ven o maio &lsquo;<\/span><\/span><\/span><\/p>\n<p align=\"JUSTIFY\">\n<p align=\"JUSTIFY\"><span style=\"font-family: Andalus, serif\"><span style=\"font-size: medium\">Bonne \u00e9coute !<\/span><\/span><\/p>\n<p align=\"JUSTIFY\">\n<p style=\"text-align: center\" align=\"JUSTIFY\">\n<p style=\"text-align: center\" align=\"JUSTIFY\">\n<p style=\"text-align: center\" align=\"JUSTIFY\"><span style=\"font-family: Andalus, serif\"><span style=\"font-size: medium\">((\u00a0\u00e9mission))<\/span><\/span><\/p>\n<p style=\"text-align: center\" align=\"JUSTIFY\">\n<p style=\"text-align: center\" align=\"JUSTIFY\">\n<p align=\"JUSTIFY\">\n<p align=\"JUSTIFY\">\n<p align=\"JUSTIFY\"><span style=\"font-family: Andalus, serif\"><span style=\"font-size: medium\">Cuac FM est une radio communautaire de La Corogne, qui, depuis 1996, \u00e9mets sur le 103.4 Fm. Ses objectifs sont de garantir le droit des citoyens \u00e0 la communication, donner la parole a ceux qui ne l&rsquo;ont pas et faire de notre soci\u00e9t\u00e9 un lieu convivial. Avec l&rsquo;\u00e9mission \u00e0 travers l&rsquo;Internet, sur <\/span><\/span><span style=\"color: #000080\"><span style=\"text-decoration: underline\"><a href=\"http:\/\/www.cuacfm.org\/\"><span style=\"font-family: Andalus, serif\"><span style=\"font-size: medium\">www.cuacfm.org<\/span><\/span><\/a><\/span><\/span><span style=\"font-family: Andalus, serif\"><span style=\"font-size: medium\">, cette station pr\u00e9tends \u00e9galement rapprocher sa radio \u00e0 tous les collectifs. <\/span><\/span><\/p>\n<p align=\"JUSTIFY\">\n<p align=\"JUSTIFY\">\n<p align=\"JUSTIFY\">\n<p align=\"JUSTIFY\"><span style=\"font-family: Andalus, serif\"><span style=\"font-size: medium\">L&rsquo; \u00e9quipe de Cuac FM s&rsquo;amuse bien en faisant de la radio et cela se refl\u00e8te dans ses contenus. La radio est propri\u00e9t\u00e9 de l&rsquo;association culturelle \u00abCollectif des universitaires actifs\u00bb et elle \u00e9mets depuis un local pr\u00eat\u00e9 par l&rsquo;Universit\u00e9 de La Corogne, elle y pr\u00eate \u00e9galement ses services aux \u00e9tudiants de l&rsquo;Universit\u00e9.<\/span><\/span><\/p>\n<p align=\"JUSTIFY\">\n<p align=\"JUSTIFY\">\n<p align=\"JUSTIFY\">\n<p align=\"JUSTIFY\"><span style=\"font-family: Andalus, serif\"><span style=\"font-size: medium\">Vous \u00e9coutez cette \u00e9mission dans le cadre de \u00abProjet Horizonte\u00bb, un partenariat o\u00f9 Radio Alma cherche \u00e0 promouvoir la richesse et la diversit\u00e9 des radios associatives en espagnol qui existent dans le monde. Nous remercions \u00abCuacFm\u00bb pour leur collaboration \u00e0 nous aider au d\u00e9veloppement de ce projet. Cette \u00e9mission a \u00e9t\u00e9 produite avec la voix de Irene Quintela, le support linguistique de Jos\u00e9 Martinez y Ferreira et la r\u00e9daction de Raquel Jimenez Otal. <\/span><\/span><\/p>\n<p align=\"JUSTIFY\">\n<p align=\"JUSTIFY\">\n<p align=\"JUSTIFY\">\n<p align=\"JUSTIFY\">\n<p align=\"JUSTIFY\">\n<p align=\"JUSTIFY\"><span style=\"font-family: Andalus, serif\"><span style=\"font-size: medium\">Pour r\u00e9\u00e9couter l&rsquo;\u00e9mission \u00abViaje por el fin del mundo\u00bb, vous pouvez vous diriger vers notre blog \u00abProyecto Horizonte\u00bb \u00e0 <\/span><\/span><span style=\"color: #000080\"><span style=\"text-decoration: underline\"><a href=\"http:\/\/www.radioalma.eu\/\" target=\"_blank\"><span style=\"font-family: Andalus, serif\"><span style=\"font-size: medium\">www.radioalma.eu<\/span><\/span><\/a><\/span><\/span><span style=\"font-family: Andalus, serif\"><span style=\"font-size: medium\">. Vos critiques et suggestions sont les bienvenus!<\/span><\/span><\/p>\n<p align=\"JUSTIFY\"><span style=\"font-family: Calibri, sans-serif\"><span>\u00a0<\/span><\/span><\/p>\n","protected":false},"excerpt":{"rendered":"<p>&nbsp; \u00a0 Dans la nouvelle \u00e9mission de\u00a0Cuac\u00a0FM, nous allons \u00e9couter une interview tr\u00e8s int\u00e9ressante.\u00a0 Ils nous raconteront comment elle se passe une journ\u00e9e normale \u00e0 Cuba; comment est l&rsquo;\u00e9ducation, la situation \u00e9conomique et politique&#8230; Ceux-ci seront quelques uns des sujets que vous \u00e9couterez de la voix du jeune dissident Eliecer&#8230;<\/p>\n","protected":false},"author":60,"featured_media":0,"comment_status":"open","ping_status":"open","sticky":false,"template":"","format":"standard","meta":{"footnotes":""},"categories":[1],"tags":[],"class_list":["post-639","post","type-post","status-publish","format-standard","hentry","category-non-classe"],"_links":{"self":[{"href":"https:\/\/radioalma.eu\/horizonte\/wp-json\/wp\/v2\/posts\/639","targetHints":{"allow":["GET"]}}],"collection":[{"href":"https:\/\/radioalma.eu\/horizonte\/wp-json\/wp\/v2\/posts"}],"about":[{"href":"https:\/\/radioalma.eu\/horizonte\/wp-json\/wp\/v2\/types\/post"}],"author":[{"embeddable":true,"href":"https:\/\/radioalma.eu\/horizonte\/wp-json\/wp\/v2\/users\/60"}],"replies":[{"embeddable":true,"href":"https:\/\/radioalma.eu\/horizonte\/wp-json\/wp\/v2\/comments?post=639"}],"version-history":[{"count":0,"href":"https:\/\/radioalma.eu\/horizonte\/wp-json\/wp\/v2\/posts\/639\/revisions"}],"wp:attachment":[{"href":"https:\/\/radioalma.eu\/horizonte\/wp-json\/wp\/v2\/media?parent=639"}],"wp:term":[{"taxonomy":"category","embeddable":true,"href":"https:\/\/radioalma.eu\/horizonte\/wp-json\/wp\/v2\/categories?post=639"},{"taxonomy":"post_tag","embeddable":true,"href":"https:\/\/radioalma.eu\/horizonte\/wp-json\/wp\/v2\/tags?post=639"}],"curies":[{"name":"wp","href":"https:\/\/api.w.org\/{rel}","templated":true}]}}