{"id":643,"date":"2013-06-27T11:42:14","date_gmt":"2013-06-27T10:42:14","guid":{"rendered":"http:\/\/radioalma.eu\/horizonte\/?p=643"},"modified":"2013-06-27T11:42:23","modified_gmt":"2013-06-27T10:42:23","slug":"radio-solidaria-amiga-11-entrevista-a-sandra-montserrat","status":"publish","type":"post","link":"https:\/\/radioalma.eu\/horizonte\/2013\/06\/27\/radio-solidaria-amiga-11-entrevista-a-sandra-montserrat\/","title":{"rendered":"Radio Solidaria Amiga 11: Entrevista a Sandra Montserrat"},"content":{"rendered":"<p lang=\"fr-FR\" align=\"JUSTIFY\"><span style=\"color: #000000;font-size: large\"><span style=\"font-family: Andalus, serif\">Aujourd&rsquo;hui nous allons \u00e9couter une \u00e9mission tr\u00e8s sp\u00e9ciale. Les \u00e9l\u00e8ves de l&rsquo;\u00e9cole El Murtal de Benidorm interviewent l&rsquo;actrice Sandra Montserrat. Sandra a un doctorat en philologie catalane et elle a<\/span><\/span><\/p>\n<p style=\"text-align: justify\"><span style=\"color: #0000ee;font-family: Andalus, serif;font-size: large\">\u00a0<\/span><\/p>\n<p lang=\"fr-FR\" align=\"JUSTIFY\"><span style=\"color: #000000;font-size: large\"><span style=\"font-family: Andalus, serif\">\u00a0\u00e9galement \u00e9tudi\u00e9 la linguistique g\u00e9n\u00e9rale. Actuellement, elle est professeur \u00e0 l&rsquo;Universit\u00e9 d&rsquo;Alicante, o\u00f9 elle concilie ses cours avec le th\u00e9\u00e2tre.<\/span><\/span><\/p>\n<p lang=\"fr-FR\" align=\"JUSTIFY\"><span style=\"color: #000000;font-size: large\"><span style=\"font-family: Andalus, serif\">Sandra a choisi d&rsquo;\u00e9tud<\/span><\/span><\/p>\n<p lang=\"fr-FR\" align=\"JUSTIFY\"><span style=\"color: #000000;font-size: large\"><span style=\"font-family: Andalus, serif\">ier la Philologie afin de mieux connaitre sa langue maternelle, le valencien. Nous sauron<\/span><\/span><\/p>\n<p lang=\"fr-FR\" align=\"JUSTIFY\"><span style=\"color: #000000;font-size: large\"><span style=\"font-family: Andalus, serif\">s aussi comment elle concilie la pratique du th\u00e9\u00e2tre avec son activit\u00e9 d\u2019enseignante \u00e0 l&rsquo;Universit\u00e9; ainsi que, depuis quand aime-t-elle le th\u00e9\u00e2tre (a-t-elle cette passion pour le th\u00e9\u00e2tre) et quelle personne l&rsquo;a encourag\u00e9 \u00e0 suivre des cours de th\u00e9\u00e2tre.<\/span><\/span><\/p>\n<p lang=\"fr-FR\" align=\"JUSTIFY\"><span style=\"font-size: large\">\u00a0<\/span><\/p>\n<p lang=\"fr-FR\" align=\"JUSTIFY\"><span style=\"color: #000000;font-size: large\"><span style=\"font-family: Andalus, serif\">Gr\u00e2ce aux conseils de Sandra, nous apprendrons plein de choses sur le monde du th\u00e9\u00e2tre, puisqu&rsquo;elle partagera avec nous ses exp\u00e9riences personnelles.<\/span><\/span><\/p>\n<p lang=\"fr-FR\" align=\"JUSTIFY\"><span style=\"font-size: large\">\u00a0<\/span><\/p>\n<p lang=\"fr-FR\" align=\"JUSTIFY\"><span style=\"color: #000000;font-size: large\"><span style=\"font-family: Andalus, serif\">Pour finir, Sandra encourage les \u00e9l\u00e8ves \u00e0 faire du th\u00e9\u00e2t<\/span><\/span><\/p>\n<p><span style=\"color: #000000;font-size: large\"><span style=\"font-family: Andalus, serif\">re. Il s&rsquo;agit d&rsquo;une exp\u00e9rience diff\u00e9rente, o\u00f9 l\u2019on grandit en rigolant et en se faisant des amis.<\/span><\/span><\/p>\n<p align=\"JUSTIFY\"><span style=\"color: #500050;font-size: large\"><span style=\"font-family: Andalus, serif\"><em><a href=\"https:\/\/www.google.be\/url?sa=t&amp;rct=j&amp;q=&amp;esrc=s&amp;source=web&amp;cd=2&amp;cad=rja&amp;ved=0CDcQFjAB&amp;url=http%3A%2F%2Fforum.wordreference.com%2Fshowthread.php%3Ft%3D181495%26langid%3D6&amp;ei=P_7LUe_EH9HXsgbX8YCYAg&amp;usg=AFQjCNG0zjkNu3BhfEVhr6SBASkWBzmSjg&amp;sig2=4nBNYOEvm9QjxSDf9WUjvQ&amp;bvm=bv.48340889,d.Yms\"><span style=\"color: #000000\">Bonne \u00e9coute<\/span><\/a><\/em><a href=\"https:\/\/www.google.be\/url?sa=t&amp;rct=j&amp;q=&amp;esrc=s&amp;source=web&amp;cd=2&amp;cad=rja&amp;ved=0CDcQFjAB&amp;url=http%3A%2F%2Fforum.wordreference.com%2Fshowthread.php%3Ft%3D181495%26langid%3D6&amp;ei=P_7LUe_EH9HXsgbX8YCYAg&amp;usg=AFQjCNG0zjkNu3BhfEVhr6SBASkWBzmSjg&amp;sig2=4nBNYOEvm9QjxSDf9WUjvQ&amp;bvm=bv.48340889,d.Yms\"><span style=\"color: #000000\">!<\/span><\/a><\/span><\/span><\/p>\n<p align=\"JUSTIFY\"><span style=\"font-size: large\">\u00a0<\/span><\/p>\n<p align=\"JUSTIFY\"><span style=\"color: #000000;font-size: large\"><span style=\"font-family: Andalus, serif\">((\u00e9mission))<\/span><\/span><\/p>\n<p align=\"JUSTIFY\"><span style=\"font-size: large\">\u00a0<\/span><\/p>\n<p lang=\"zxx\" align=\"JUSTIFY\"><span style=\"color: #000000;font-size: large\"><span style=\"font-family: Andalus, serif\">Radio Solidaria Amiga est une radio scolaire r\u00e9alis\u00e9e par les \u00e9l\u00e8ves de l&rsquo; \u00e9cole \u00abEl Murtal\u00bb avec l\u00b4aide de ses professeurs et de la fondatrice et directrice de la radio: Magdalena Galiana Lloret. L&rsquo; \u00e9cole est bas\u00e9e \u00e0 Benidorm (Alicante), et la mission de la radio est d&rsquo; \u00e9duquer les \u00e9l\u00e8ves en valeurs et fomenter la solidarit\u00e9 entre eux.<\/span><\/span><\/p>\n<p lang=\"zxx\" align=\"JUSTIFY\"><span style=\"color: #000000;font-size: large\"><span style=\"font-family: Andalus, serif\">On utilise la radio pour motiver l&rsquo;apprentissage des \u00e9l\u00e8ves et pour favoriser l\u2019int\u00e9gration<\/span><\/span><\/p>\n<p lang=\"fr-FR\" align=\"JUSTIFY\"><span style=\"font-family: Andalus, serif;color: #000000;font-size: large\">\u00a0sociale des \u00e9l\u00e8ves des autres pays. Ainsi, la radio est un outil pr\u00e9cieux pour le futur curriculum des enfants, car ils apprennent \u00e0 parler en public et d\u00e9veloppent des comp\u00e9tences sociales qui les seront avantageuses dans leur vie d&rsquo; adulte.<\/span><\/p>\n<p lang=\"zxx\" align=\"JUSTIFY\"><span style=\"color: #000000;font-size: large\"><span style=\"font-family: Andalus, serif\">En somme, la radio est une mani\u00e8re d&rsquo; apprendre en s&rsquo; amusant, enrichit la convivialit\u00e9 entre les \u00e9l\u00e8ves et nourrit sa curiosit\u00e9 inn\u00e9e.<\/span><\/span><\/p>\n<p align=\"JUSTIFY\"><span style=\"font-size: large\"><span style=\"color: #000000\"><span style=\"font-family: Andalus, serif\">Radio Solidaria Amiga \u00e9mets \u00e0 travers d&rsquo;Internet, et vous pouvez l&rsquo;\u00e9couter \u00e0 <\/span><\/span><a href=\"http:\/\/www.radiosolidariaamiga.es\/\"><span style=\"color: #000000\">www.radiosolidariaamiga.es<\/span><\/a><span style=\"color: #000000\"><span style=\"font-family: Andalus, serif\">tous les vendredis \u00e0 15 heures.<\/span><\/span><\/span><\/p>\n<p lang=\"zxx\" align=\"JUSTIFY\"><span style=\"color: #000000;font-size: large\"><span style=\"font-family: Andalus, serif\">Vous \u00e9coutez cette \u00e9mission dans le cadre de Proyecto Horizonte, un partenariat o\u00f9 Radio Alma a pour objectif, la promotion de la richesse et de la diversit\u00e9 socioculturelle des radios associatives en espagnol qui existent dans le monde. Nous remercions Radio Enlace pour leur collaboration au d\u00e9veloppement de ce projet. Cette \u00e9mission \u00e0 \u00e9t\u00e9 produite avec la voix de Irene Quintela, le support linguistique de Jos\u00e9 Martinez y Ferreira et la r\u00e9daction de Raquel Jim\u00e9nez Otal.<\/span><\/span><\/p>\n<p>&nbsp;<\/p>\n<p>&nbsp;<\/p>\n<p align=\"JUSTIFY\"><span style=\"font-size: large\">\u00a0<\/span><\/p>\n<p align=\"JUSTIFY\"><span style=\"font-size: large\"><span style=\"color: #000000\"><span style=\"font-family: Andalus, serif\">Vous pouvez r\u00e9\u00e9couter \u00abEn clave de sexo\u00bb sur le web de Radio Enlace, ainsi que sur notre blog, Proyecto Horizonte, sur\u00a0<\/span><\/span><a href=\"http:\/\/www.radioalma.eu\/\" target=\"_blank\"><span style=\"color: #000000\"><span style=\"font-family: Andalus, serif\"><span style=\"text-decoration: underline\">www.radioalma.eu<\/span><\/span><\/span><\/a><span style=\"color: #000000\"><span style=\"font-family: Andalus, serif\">. Vos critiques et suggestions sont les bienvenus!<\/span><\/span><\/span><\/p>\n<p align=\"JUSTIFY\"><span style=\"font-size: large\">\u00a0<\/span><\/p>\n<p><img decoding=\"async\" class=\"size-full wp-image-128 aligncenter\" alt=\"RadioSolidariaAmiga\" src=\"http:\/\/radioalma.eu\/horizonte\/files\/2013\/03\/RadioSolidariaAmiga.jpg\" width=\"190\" height=\"190\" srcset=\"https:\/\/radioalma.eu\/horizonte\/files\/2013\/03\/RadioSolidariaAmiga.jpg 190w, https:\/\/radioalma.eu\/horizonte\/files\/2013\/03\/RadioSolidariaAmiga-150x150.jpg 150w, https:\/\/radioalma.eu\/horizonte\/files\/2013\/03\/RadioSolidariaAmiga-60x60.jpg 60w, https:\/\/radioalma.eu\/horizonte\/files\/2013\/03\/RadioSolidariaAmiga-120x120.jpg 120w\" sizes=\"(max-width: 190px) 100vw, 190px\" \/><\/p>\n<p>&nbsp;<\/p>\n","protected":false},"excerpt":{"rendered":"<p>Aujourd&rsquo;hui nous allons \u00e9couter une \u00e9mission tr\u00e8s sp\u00e9ciale. Les \u00e9l\u00e8ves de l&rsquo;\u00e9cole El Murtal de Benidorm interviewent l&rsquo;actrice Sandra Montserrat. Sandra a un doctorat en philologie catalane et elle a \u00a0 \u00a0\u00e9galement \u00e9tudi\u00e9 la linguistique g\u00e9n\u00e9rale. Actuellement, elle est professeur \u00e0 l&rsquo;Universit\u00e9 d&rsquo;Alicante, o\u00f9 elle concilie ses cours avec le&#8230;<\/p>\n","protected":false},"author":60,"featured_media":0,"comment_status":"open","ping_status":"open","sticky":false,"template":"","format":"standard","meta":{"footnotes":""},"categories":[16],"tags":[],"class_list":["post-643","post","type-post","status-publish","format-standard","hentry","category-prochainement"],"_links":{"self":[{"href":"https:\/\/radioalma.eu\/horizonte\/wp-json\/wp\/v2\/posts\/643","targetHints":{"allow":["GET"]}}],"collection":[{"href":"https:\/\/radioalma.eu\/horizonte\/wp-json\/wp\/v2\/posts"}],"about":[{"href":"https:\/\/radioalma.eu\/horizonte\/wp-json\/wp\/v2\/types\/post"}],"author":[{"embeddable":true,"href":"https:\/\/radioalma.eu\/horizonte\/wp-json\/wp\/v2\/users\/60"}],"replies":[{"embeddable":true,"href":"https:\/\/radioalma.eu\/horizonte\/wp-json\/wp\/v2\/comments?post=643"}],"version-history":[{"count":0,"href":"https:\/\/radioalma.eu\/horizonte\/wp-json\/wp\/v2\/posts\/643\/revisions"}],"wp:attachment":[{"href":"https:\/\/radioalma.eu\/horizonte\/wp-json\/wp\/v2\/media?parent=643"}],"wp:term":[{"taxonomy":"category","embeddable":true,"href":"https:\/\/radioalma.eu\/horizonte\/wp-json\/wp\/v2\/categories?post=643"},{"taxonomy":"post_tag","embeddable":true,"href":"https:\/\/radioalma.eu\/horizonte\/wp-json\/wp\/v2\/tags?post=643"}],"curies":[{"name":"wp","href":"https:\/\/api.w.org\/{rel}","templated":true}]}}