{"id":656,"date":"2013-08-02T12:59:16","date_gmt":"2013-08-02T11:59:16","guid":{"rendered":"http:\/\/radioalma.eu\/horizonte\/?p=656"},"modified":"2013-08-02T12:59:16","modified_gmt":"2013-08-02T11:59:16","slug":"radio-solidaria-amiga-entrevista-a-luis-gonzalez-paramo","status":"publish","type":"post","link":"https:\/\/radioalma.eu\/horizonte\/2013\/08\/02\/radio-solidaria-amiga-entrevista-a-luis-gonzalez-paramo\/","title":{"rendered":"Radio Solidaria Amiga: Entrevista a Luis Gonzalez Paramo"},"content":{"rendered":"<p>Nos petits journalistes en herbe de Radio Solidaria Amiga nous rapportent une interview avec l&rsquo;un des personnages du duo artistique \u00ab\u00a0Hermanos Malasombra\u00a0\u00bb, Luis Gonzalez Paramo.<\/p>\n<p><img fetchpriority=\"high\" decoding=\"async\" class=\"alignleft size-full wp-image-657\" alt=\"images\" src=\"http:\/\/radioalma.eu\/horizonte\/files\/2013\/08\/images.jpg\" width=\"232\" height=\"217\" \/><\/p>\n<p>Les Hermanos Malasombra\u00a0 \u00e9taient les stars de la s\u00e9rie de \u00ab\u00a0t\u00e9l\u00e9\u00a0\u00bb pour enfants, \u00ab\u00a0Los chiripitiflauticos\u00a0\u00bb, diffus\u00e9e en Espagne entre les ann\u00e9es 60 et 70. Cette s\u00e9rie a \u00e9t\u00e9 l&rsquo;un des plus grands succ\u00e8s de la t\u00e9l\u00e9vision espagnole jusqu&rsquo;\u00e0 l&rsquo;arri<\/p>\n<p>Luis Gonzalez Paramo, nous fera part de son exp\u00e9rience artistique, qui en plus d\u2019\u00eatre acteur, est sc\u00e9nariste, doublure-voix, journaliste et \u00e9conomiste. Il nous donnera\u00a0\u00e9galement son point de vue sur les s\u00e9ries t\u00e9l\u00e9 actuellement destin\u00e9es aux enfants.v\u00e9e, au d\u00e9but des ann\u00e9es 70, d\u2019un nouveau programme, \u00ab\u00a0 Los payasos de la tele\u00a0\u00bb<\/p>\n<p>Bonne \u00e9coute\u00a0!<\/p>\n<p>&nbsp;<\/p>\n<p>((emission))<\/p>\n<p><a href=\"http:\/\/radioalma.eu\/horizonte\/files\/2013\/03\/RadioSolidariaAmiga.jpg\"><img decoding=\"async\" class=\"alignleft size-full wp-image-128\" alt=\"RadioSolidariaAmiga\" src=\"http:\/\/radioalma.eu\/horizonte\/files\/2013\/03\/RadioSolidariaAmiga.jpg\" width=\"190\" height=\"190\" srcset=\"https:\/\/radioalma.eu\/horizonte\/files\/2013\/03\/RadioSolidariaAmiga.jpg 190w, https:\/\/radioalma.eu\/horizonte\/files\/2013\/03\/RadioSolidariaAmiga-150x150.jpg 150w, https:\/\/radioalma.eu\/horizonte\/files\/2013\/03\/RadioSolidariaAmiga-60x60.jpg 60w, https:\/\/radioalma.eu\/horizonte\/files\/2013\/03\/RadioSolidariaAmiga-120x120.jpg 120w\" sizes=\"(max-width: 190px) 100vw, 190px\" \/><\/a>Radio Solidaria Amiga est une radio scolaire r\u00e9alis\u00e9e par les \u00e9l\u00e8ves de l\u2019\u00e9cole primaire \u00abEl Murtal\u00bb avec l\u00b4aide de leurs professeurs et de la fondatrice et directrice de la radio: Magdalena Galiana Lloret. L\u2019\u00e9cole est situ\u00e9e \u00e0 Benidorm (Alicante). L&rsquo;objectif de la radio, est d\u2019\u00e9duquer les \u00e9l\u00e8ves aux valeurs et fomenter la solidarit\u00e9 entre eux.<\/p>\n<p>On utilise la radio pour motiver l\u2019apprentissage des \u00e9l\u00e8ves et pour favoriser l\u2019int\u00e9gration sociale des \u00e9l\u00e8ves des autres pays. Ainsi, la radio est un outil pr\u00e9cieux pour le futur des enfants, car ils apprennent \u00e0 s&rsquo;exprimer en public et d\u00e9veloppent des comp\u00e9tences sociales qui leurs seront avantageuses dans leur vie d\u2019adulte. En somme, la radio est une mani\u00e8re d\u2019apprendre en s\u2019amusant, tout en favorisant la convivialit\u00e9 entre \u00e9l\u00e8ves et nourrir leur curiosit\u00e9 inn\u00e9e.<\/p>\n<p>Radio Solidaria Amiga \u00e9mets \u00e0 travers Internet, et vous pouvez l&rsquo;\u00e9couter sur\u00a0<a href=\"http:\/\/www.radiosolidariaamiga.es\/\" target=\"_blank\">www.radiosolidariaamiga.es<\/a>\u00a0tous les vendredis \u00e0 15 heures.<\/p>\n<p>Vous \u00e9coutez cette \u00e9mission dans le cadre de Proyecto Horizonte, un partenariat o\u00f9 Radio Alma a pour objectif, la promotion de la richesse et de la diversit\u00e9 socioculturelle des radios associatives en espagnol qui existent dans le monde. Nous remercions Radio Enlace pour leur collaboration au d\u00e9veloppement de ce projet. Cette \u00e9mission \u00e0 \u00e9t\u00e9 produite avec la voix et la r\u00e9daction de Angela Sanchez Martin\u00a0le support linguistique de Jos\u00e9 Martinez y Ferreira.<\/p>\n<p>Vos remarques et suggestions sont les bienvenues!<\/p>\n","protected":false},"excerpt":{"rendered":"<p>Nos petits journalistes en herbe de Radio Solidaria Amiga nous rapportent une interview avec l&rsquo;un des personnages du duo artistique \u00ab\u00a0Hermanos Malasombra\u00a0\u00bb, Luis Gonzalez Paramo. Les Hermanos Malasombra\u00a0 \u00e9taient les stars de la s\u00e9rie de \u00ab\u00a0t\u00e9l\u00e9\u00a0\u00bb pour enfants, \u00ab\u00a0Los chiripitiflauticos\u00a0\u00bb, diffus\u00e9e en Espagne entre les ann\u00e9es 60 et 70. Cette&#8230;<\/p>\n","protected":false},"author":60,"featured_media":0,"comment_status":"open","ping_status":"open","sticky":false,"template":"","format":"standard","meta":{"footnotes":""},"categories":[1],"tags":[],"class_list":["post-656","post","type-post","status-publish","format-standard","hentry","category-non-classe"],"_links":{"self":[{"href":"https:\/\/radioalma.eu\/horizonte\/wp-json\/wp\/v2\/posts\/656","targetHints":{"allow":["GET"]}}],"collection":[{"href":"https:\/\/radioalma.eu\/horizonte\/wp-json\/wp\/v2\/posts"}],"about":[{"href":"https:\/\/radioalma.eu\/horizonte\/wp-json\/wp\/v2\/types\/post"}],"author":[{"embeddable":true,"href":"https:\/\/radioalma.eu\/horizonte\/wp-json\/wp\/v2\/users\/60"}],"replies":[{"embeddable":true,"href":"https:\/\/radioalma.eu\/horizonte\/wp-json\/wp\/v2\/comments?post=656"}],"version-history":[{"count":0,"href":"https:\/\/radioalma.eu\/horizonte\/wp-json\/wp\/v2\/posts\/656\/revisions"}],"wp:attachment":[{"href":"https:\/\/radioalma.eu\/horizonte\/wp-json\/wp\/v2\/media?parent=656"}],"wp:term":[{"taxonomy":"category","embeddable":true,"href":"https:\/\/radioalma.eu\/horizonte\/wp-json\/wp\/v2\/categories?post=656"},{"taxonomy":"post_tag","embeddable":true,"href":"https:\/\/radioalma.eu\/horizonte\/wp-json\/wp\/v2\/tags?post=656"}],"curies":[{"name":"wp","href":"https:\/\/api.w.org\/{rel}","templated":true}]}}