{"id":671,"date":"2013-08-02T15:33:23","date_gmt":"2013-08-02T14:33:23","guid":{"rendered":"http:\/\/radioalma.eu\/horizonte\/?p=671"},"modified":"2013-08-02T15:33:23","modified_gmt":"2013-08-02T14:33:23","slug":"frecuencia-favorable-programa-8","status":"publish","type":"post","link":"https:\/\/radioalma.eu\/horizonte\/2013\/08\/02\/frecuencia-favorable-programa-8\/","title":{"rendered":"Frecuencia Favorable: Programa 8"},"content":{"rendered":"<p>Dans cette \u00e9mission, nos partenaires de l\u2019\u00e9mission \u00ab\u00a0Salud Mental\u00a0\u00bb\u00a0 de\u00a0 Frecuencia Favorable ont couvert, depuis l&rsquo;Universit\u00e9 Autonome de Madrid, la conf\u00e9rence \u00ab\u00a0Participa y Comprende (Participe et comprend)\u00a0\u00bb.<\/p>\n<p>\u00ab\u00a0Participa y Comprende (Participe et comprend)\u00a0\u00bb est un s\u00e9minaire sur la sant\u00e9 et la maladie mentale destin\u00e9 aux \u00e9tudiants de derni\u00e8re ann\u00e9e de psychologie, qui vise \u00e0 les confronter au monde extra-universitaire en impliquant les patients et les professionnels du secteur. De plus, ce projet montre l\u2019\u00e9volution rapide de la psychologie et de la psychiatrie, durant ces trente derni\u00e8res ann\u00e9es. Auparavant, les traitements avaient essentiellement recours aux calmants ou au confinement psychiatrique, alors que maintenant les th\u00e9rapies sont de plus en plus diversifi\u00e9es, personnalis\u00e9es et efficaces.<\/p>\n<p>&nbsp;<\/p>\n<p>Juan Ignacio Santiago, de Frecuencia Favorable, a eu l&rsquo;occasion de parler avec Ignacio Montorio, professeur de psychopathologie de l&rsquo;Universit\u00e9 Autonome de Madrid, qui a soulign\u00e9 la n\u00e9cessit\u00e9 de transmettre aux \u00e9tudiants de nouvelles approches de la maladie mentale, d&rsquo;\u00e9liminer les pr\u00e9jug\u00e9s et promouvoir la normalit\u00e9 et l&rsquo;\u00e9galit\u00e9.<\/p>\n<p>Bonne \u00e9coute:<\/p>\n<p>((emisi\u00f3n))<\/p>\n<p>\u201cFrecuencia Favorable\u201d est un programme au format magazine, qui traite divers th\u00e8mes : sport, politique, \u00e9conomie, tauromachie et d&rsquo;autres sujets d&rsquo;actualit\u00e9 espagnole. L&rsquo;\u00e9mission est r\u00e9alis\u00e9e par les membres du Centre de R\u00e9habilitation Psychosocial de Getafe, \u00e0 Madrid.<\/p>\n<p>Avec \u201cFrecuencia Favorable\u201d, les composantes de l&rsquo;\u00e9quipe am\u00e9liorent leurs aptitudes et savoir faire personnels et cherchent \u00e0 se faire conna\u00eetre comme des personnes parfaitement int\u00e9gr\u00e9es dans la soci\u00e9t\u00e9. C&rsquo;est aussi par cette voie qu&rsquo;ils favorisent une meilleure int\u00e9gration sociale au niveau de leur quartier.<\/p>\n<p>L&rsquo;\u00e9mission est diffus\u00e9e sur Radio Ritmo, une radio sociale de la banlieue de Madrid. Qui depuis 1991, pr\u00e9tend rapprocher les micros \u00e0 toutes les personnes et \u00a0collectifs exclus des grands m\u00e9dias. Radio Ritmo a une grille de programmation tr\u00e8s vari\u00e9e avec un contenu social, politique et \u00e9ducatif marqu\u00e9. Son but est d&rsquo;offrir une programmation alternative et de pousser les gens \u00e0 d\u00e9velopper leur cr\u00e9ativit\u00e9 \u00e0 travers ses ateliers radio.<\/p>\n<p>Vous \u00e9coutez cette \u00e9mission dans le cadre de \u00abProyecto Horizonte\u00bb, un partenariat o\u00f9 Radio Alma cherche \u00e0 promouvoir la richesse et la diversit\u00e9 des radios associatives en espagnol qui existent dans le monde. Nous remercions \u00abRadio Ritmo\u00bb et l&rsquo;\u00e9quipe de \u00abFrecuencia Favorable\u00bb pour leur collaboration au d\u00e9veloppement de ce projet. Cette \u00e9mission a \u00e9t\u00e9 produite avec la voix de Irene Quintela, le support linguistique de Jos\u00e9 Mart\u00ednez y Ferreira et la r\u00e9daction de Angela SANCHEZ MARTIN.<\/p>\n<p>Vous pouvez \u00e9couter \u00abFrecuencia Favorable\u00bb chaque mercredi de 12h a 13h sur\u00a0<span style=\"text-decoration: underline\"><a title=\"http:\/\/www.radioritmo.org\/\" href=\"http:\/\/www.radioritmo.org\/\" target=\"_blank\">www.radioritmo.org<\/a><\/span>\u00a0ainsi que sur leur blog\u00a0<span style=\"text-decoration: underline\"><a title=\"http:\/\/frecuenciaf.blogspot.be\/\" href=\"http:\/\/frecuenciaf.blogspot.be\/\" target=\"_blank\">http:\/\/frecuenciaf.blogspot.be<\/a><\/span>\u00a0ou via leur facebook. Vous pouvez \u00e9galement r\u00e9\u00e9couter cette \u00e9mission sur notre blog \u00abProyecto Horizonte\u00bb \u00e0\u00a0<span style=\"text-decoration: underline\"><a title=\"http:\/\/www.radioalma.eu\/\" href=\"http:\/\/www.radioalma.eu\/\" target=\"_blank\">www.radioalma.eu<\/a><\/span>. Vos remarques et suggestions sont les bienvenues!<\/p>\n<p><a href=\"http:\/\/radioalma.eu\/horizonte\/files\/2013\/04\/Nuevo-logo-FF.jpg\"><img fetchpriority=\"high\" decoding=\"async\" class=\"alignleft size-full wp-image-480\" alt=\"Frecuencia Favorable\" src=\"http:\/\/radioalma.eu\/horizonte\/files\/2013\/04\/Nuevo-logo-FF.jpg\" width=\"960\" height=\"960\" srcset=\"https:\/\/radioalma.eu\/horizonte\/files\/2013\/04\/Nuevo-logo-FF.jpg 960w, https:\/\/radioalma.eu\/horizonte\/files\/2013\/04\/Nuevo-logo-FF-150x150.jpg 150w, https:\/\/radioalma.eu\/horizonte\/files\/2013\/04\/Nuevo-logo-FF-300x300.jpg 300w, https:\/\/radioalma.eu\/horizonte\/files\/2013\/04\/Nuevo-logo-FF-60x60.jpg 60w\" sizes=\"(max-width: 960px) 100vw, 960px\" \/><\/a><\/p>\n","protected":false},"excerpt":{"rendered":"<p>Dans cette \u00e9mission, nos partenaires de l\u2019\u00e9mission \u00ab\u00a0Salud Mental\u00a0\u00bb\u00a0 de\u00a0 Frecuencia Favorable ont couvert, depuis l&rsquo;Universit\u00e9 Autonome de Madrid, la conf\u00e9rence \u00ab\u00a0Participa y Comprende (Participe et comprend)\u00a0\u00bb. \u00ab\u00a0Participa y Comprende (Participe et comprend)\u00a0\u00bb est un s\u00e9minaire sur la sant\u00e9 et la maladie mentale destin\u00e9 aux \u00e9tudiants de derni\u00e8re ann\u00e9e de&#8230;<\/p>\n","protected":false},"author":60,"featured_media":0,"comment_status":"open","ping_status":"open","sticky":false,"template":"","format":"standard","meta":{"footnotes":""},"categories":[1],"tags":[],"class_list":["post-671","post","type-post","status-publish","format-standard","hentry","category-non-classe"],"_links":{"self":[{"href":"https:\/\/radioalma.eu\/horizonte\/wp-json\/wp\/v2\/posts\/671","targetHints":{"allow":["GET"]}}],"collection":[{"href":"https:\/\/radioalma.eu\/horizonte\/wp-json\/wp\/v2\/posts"}],"about":[{"href":"https:\/\/radioalma.eu\/horizonte\/wp-json\/wp\/v2\/types\/post"}],"author":[{"embeddable":true,"href":"https:\/\/radioalma.eu\/horizonte\/wp-json\/wp\/v2\/users\/60"}],"replies":[{"embeddable":true,"href":"https:\/\/radioalma.eu\/horizonte\/wp-json\/wp\/v2\/comments?post=671"}],"version-history":[{"count":0,"href":"https:\/\/radioalma.eu\/horizonte\/wp-json\/wp\/v2\/posts\/671\/revisions"}],"wp:attachment":[{"href":"https:\/\/radioalma.eu\/horizonte\/wp-json\/wp\/v2\/media?parent=671"}],"wp:term":[{"taxonomy":"category","embeddable":true,"href":"https:\/\/radioalma.eu\/horizonte\/wp-json\/wp\/v2\/categories?post=671"},{"taxonomy":"post_tag","embeddable":true,"href":"https:\/\/radioalma.eu\/horizonte\/wp-json\/wp\/v2\/tags?post=671"}],"curies":[{"name":"wp","href":"https:\/\/api.w.org\/{rel}","templated":true}]}}