{"id":701,"date":"2013-12-03T11:13:30","date_gmt":"2013-12-03T10:13:30","guid":{"rendered":"http:\/\/radioalma.eu\/horizonte\/?p=701"},"modified":"2013-12-03T14:30:29","modified_gmt":"2013-12-03T13:30:29","slug":"701","status":"publish","type":"post","link":"https:\/\/radioalma.eu\/horizonte\/2013\/12\/03\/701\/","title":{"rendered":""},"content":{"rendered":"<p>Dans l\u2019\u00e9mission de ce jour, nos coll\u00e8gues de \u00ab Mandanga Sonora \u00bb s\u2019int\u00e9ressent aux expulsions v\u00e9cues par les propri\u00e9taires en d\u00e9faut de paiement, un sujet de forte pr\u00e9occupation pour la soci\u00e9t\u00e9 espagnole. Drame qui g\u00e9n\u00e8re de plus en plus de contestation au sein des groupes et des mouvements sociaux qui luttent contre cette trag\u00e9die.<br \/>\nDans la plupart des rassem<a href=\"http:\/\/radioalma.eu\/horizonte\/files\/2013\/08\/487292_496738403705940_412135583_n.jpg\"><img fetchpriority=\"high\" decoding=\"async\" class=\"alignleft size-full wp-image-702\" alt=\"487292_496738403705940_412135583_n\" src=\"http:\/\/radioalma.eu\/horizonte\/files\/2013\/08\/487292_496738403705940_412135583_n.jpg\" width=\"249\" height=\"229\" \/><\/a>blements et manifestations visant \u00e0 pr\u00e9venir les expulsions, se produisent des arrestations arbitraires, des charges de la police. Et dans de nombreux cas, on entrave le travail des journalistes.<br \/>\nDj Nacho, sur une base musicale de \u00ab Duo Kie \u00bb et \u00ab Violadores del Verso \u00bb tente de mettre en \u00e9vidence le caract\u00e8re insoutenable de la situation.<br \/>\nAvec ces all\u00e9gations, mix\u00e9es avec des extraits d\u2019informations concernant l&rsquo;acquittement de Francisco Camps, l&rsquo;imputation d\u2019Inaki Urdangarin, l&rsquo;\u00e9tude de l&rsquo;UNICEF sur le bien-\u00eatre des enfants et les coupes budg\u00e9taires que subit la soci\u00e9t\u00e9 espagnole, il met en \u00e9vidence la tension et la col\u00e8re qui pr\u00e9vaut actuellement en Espagne.<\/p>\n<p>On les \u00e9coute ;<\/p>\n<p>(emisi\u00f3n)<\/p>\n<p>Cette \u00e9mission vise \u00e0 mobiliser les jeunes et \u00e0 les rapprocher de l\u2019actualit\u00e9 politique espagnole, ainsi qu\u2019aux milieux artistiques et de loisirs.<\/p>\n<p>Dj Nacho de Radio Malva fait un montage sonore dynamique dans lequel toutes les pi\u00e8ces s&#8217;embo\u00eetent parfaitement, technique connue sous l\u2019appellation \u00abInstallation sonore \u00bb.<br \/>\nSur \u00ab Mandanga Sonora \u00bb, on exprime toute la diversit\u00e9 et la richesse de contenus qui cohabitent chaque semaine sur Radio Malva.<br \/>\nRadio Malva est une radio de quartier qui \u00e9met sur le FM 104,9 de \u00ab Poblados Mar\u00edtimos \u00bb \u00e0 Valence, qui vise \u00e0 cr\u00e9er un environnement participatif dans lequel toutes les personnes du quartier ont leur place. En outre, cette radio fonctionne comme un espace d&rsquo;expression libre et comme un collectif social, qui cherche \u00e0 sensibiliser le public aux probl\u00e8mes sociaux de la communaut\u00e9 valencienne et surtout contre la sp\u00e9culation et l&rsquo;abandon qui r\u00e8gnent sur les quartiers maritimes \u00ab Le Caba\u00f1al \u00bb et \u00ab La Malvarrosa \u00bb.<br \/>\nVous \u00e9coutez cette \u00e9mission dans le cadre de \u00abProyecto Horizonte\u00bb, un partenariat o\u00f9 Radio Alma cherche \u00e0 promouvoir la richesse et la diversit\u00e9 des radios associatives en espagnol qui existent dans le monde. Nous remercions \u00abRadio Malva\u00bb et l&rsquo;\u00e9quipe de \u00abMandanga Sonora\u00bb pour leur collaboration au d\u00e9veloppement de ce projet. Cette \u00e9mission a \u00e9t\u00e9 produite avec la voix et la r\u00e9daction de Angela Sanchez Martin et\u00a0 le support linguistique de Jos\u00e9 Mart\u00ednez y Ferreira.<\/p>\n<p>Vous pouvez \u00e9couter \u00abMandanga Sonora\u00bb sur www.mandangasonora.blogspot.com ou \u00e9galement r\u00e9\u00e9couter cette \u00e9mission sur notre blog \u00abProyecto Horizonte\u00bb \u00e0 www.radioalma.eu. Vos remarques et suggestions sont les bienvenues!<\/p>\n","protected":false},"excerpt":{"rendered":"<p>Dans l\u2019\u00e9mission de ce jour, nos coll\u00e8gues de \u00ab Mandanga Sonora \u00bb s\u2019int\u00e9ressent aux expulsions v\u00e9cues par les propri\u00e9taires en d\u00e9faut de paiement, un sujet de forte pr\u00e9occupation pour la soci\u00e9t\u00e9 espagnole. Drame qui g\u00e9n\u00e8re de plus en plus de contestation au sein des groupes et des mouvements sociaux qui&#8230;<\/p>\n","protected":false},"author":62,"featured_media":0,"comment_status":"open","ping_status":"open","sticky":false,"template":"","format":"standard","meta":{"footnotes":""},"categories":[31],"tags":[],"class_list":["post-701","post","type-post","status-publish","format-standard","hentry","category-fils-rss"],"_links":{"self":[{"href":"https:\/\/radioalma.eu\/horizonte\/wp-json\/wp\/v2\/posts\/701","targetHints":{"allow":["GET"]}}],"collection":[{"href":"https:\/\/radioalma.eu\/horizonte\/wp-json\/wp\/v2\/posts"}],"about":[{"href":"https:\/\/radioalma.eu\/horizonte\/wp-json\/wp\/v2\/types\/post"}],"author":[{"embeddable":true,"href":"https:\/\/radioalma.eu\/horizonte\/wp-json\/wp\/v2\/users\/62"}],"replies":[{"embeddable":true,"href":"https:\/\/radioalma.eu\/horizonte\/wp-json\/wp\/v2\/comments?post=701"}],"version-history":[{"count":0,"href":"https:\/\/radioalma.eu\/horizonte\/wp-json\/wp\/v2\/posts\/701\/revisions"}],"wp:attachment":[{"href":"https:\/\/radioalma.eu\/horizonte\/wp-json\/wp\/v2\/media?parent=701"}],"wp:term":[{"taxonomy":"category","embeddable":true,"href":"https:\/\/radioalma.eu\/horizonte\/wp-json\/wp\/v2\/categories?post=701"},{"taxonomy":"post_tag","embeddable":true,"href":"https:\/\/radioalma.eu\/horizonte\/wp-json\/wp\/v2\/tags?post=701"}],"curies":[{"name":"wp","href":"https:\/\/api.w.org\/{rel}","templated":true}]}}