{"id":722,"date":"2013-12-03T11:13:30","date_gmt":"2013-12-03T10:13:30","guid":{"rendered":"http:\/\/radioalma.eu\/horizonte\/?p=722"},"modified":"2013-12-03T14:32:13","modified_gmt":"2013-12-03T13:32:13","slug":"722","status":"publish","type":"post","link":"https:\/\/radioalma.eu\/horizonte\/2013\/12\/03\/722\/","title":{"rendered":""},"content":{"rendered":"<p>Dj Nacho de Mandanga Sonora\u00a0 m\u00e9lange dans le programme d&rsquo;aujourd&rsquo;hui diff\u00e9rents th\u00e8mes sociaux.<\/p>\n<p>Suivant le fil conducteur de la derni\u00e8re \u00e9mission, nous reparlerons de l&rsquo;\u00e9galit\u00e9 des sexes et des droits de la femme par le biais du r\u00e9seau des femmes d&rsquo;Am\u00e9rique latine et des Cara\u00efbes.<\/p>\n<p>En outre, pour marquer le quarante-deuxi\u00e8me anniversaire de \u00abHalconazo\u00bb ou \u00ab\u00a0 la\u00a0 Matanza del Jueves de Corpus\u00a0\u00bb, nous \u00e9couterons des t\u00e9moignages ainsi qu&rsquo;une analyse sur le massacre. Un groupe paramilitaire connu sous le nom de \u00ab\u00a0faucons\/\/halcones\u00a0\u00bb ayant charg\u00e9 des \u00e9tudiants lors d&rsquo;une manifestation et provoquant la mort d&rsquo;une centaine de manifestants ainsi que la disparition d&rsquo;une dizaine d&rsquo;autres.<\/p>\n<p>Les troubles en Turquie sont \u00e9galement abord\u00e9s dans cette \u00e9mission de Mandanga Sonora. Nos coll\u00e8gues essaient d&rsquo;analyser la situation ainsi que les acteurs influence et l&rsquo;entr\u00e9e des r\u00e9fugi\u00e9s libyens sur le territoire.<\/p>\n<p>Nous esp\u00e9rons que vous aimerez le programme\u00a0;<\/p>\n<p>Bon \u00e9coute\u00a0!<\/p>\n<p>(emisi\u00f3n)<\/p>\n<p>&nbsp;<\/p>\n<p>Cette \u00e9mission vise \u00e0 mobiliser les jeunes et \u00e0 les rapprocher de l\u2019actualit\u00e9 politique espagnole, ainsi qu\u2019aux milieux artistiques et de loisirs.<\/p>\n<p>Dj Nacho de Radio Malva fait un montage sonore dynamique dans lequel toutes les pi\u00e8ces s\u2019embo\u00eetent parfaitement, technique connue sous l\u2019appellation \u00abInstallation sonore \u00bb.<br \/>\nSur \u00ab Mandanga Sonora \u00bb, on exprime toute la diversit\u00e9 et la richesse de contenus qui cohabitent chaque semaine sur Radio Malva.<br \/>\nRadio Malva est une radio de quartier qui \u00e9met sur le FM 104,9 de \u00ab Poblados Mar\u00edtimos \u00bb \u00e0 Valence, qui vise \u00e0 cr\u00e9er un environnement participatif dans lequel toutes les personnes du quartier ont leur place. En outre, cette radio fonctionne comme un espace d\u2019expression libre et comme un collectif social, qui cherche \u00e0 sensibiliser le public aux probl\u00e8mes sociaux de la communaut\u00e9 valencienne et surtout contre la sp\u00e9culation et l\u2019abandon qui r\u00e8gnent sur les quartiers maritimes \u00ab Le Caba\u00f1al \u00bb et \u00ab La Malvarrosa \u00bb.<br \/>\nVous \u00e9coutez cett<a href=\"http:\/\/radioalma.eu\/horizonte\/files\/2013\/08\/487292_496738403705940_412135583_n.jpg\"><img fetchpriority=\"high\" decoding=\"async\" class=\"alignleft size-full wp-image-702\" alt=\"487292_496738403705940_412135583_n\" src=\"http:\/\/radioalma.eu\/horizonte\/files\/2013\/08\/487292_496738403705940_412135583_n.jpg\" width=\"249\" height=\"229\" \/><\/a>e \u00e9mission dans le cadre de \u00abProyecto Horizonte\u00bb, un partenariat o\u00f9 Radio Alma cherche \u00e0 promouvoir la richesse et la diversit\u00e9 des radios associatives en espagnol qui existent dans le monde. Nous remercions \u00abRadio Malva\u00bb et l\u2019\u00e9quipe de \u00abMandanga Sonora\u00bb pour leur collaboration au d\u00e9veloppement de ce projet. Cette \u00e9mission a \u00e9t\u00e9 produite avec la voix et la r\u00e9daction de \u00c1ngela S\u00e1nchez Mart\u00edn et le support linguistique de David Mart\u00ednez.<\/p>\n<p>Vous pouvez \u00e9couter \u00abMandanga Sonora\u00bb sur www.mandangasonora.blogspot.com ou \u00e9galement r\u00e9\u00e9couter cette \u00e9mission sur notre blog \u00abProyecto Horizonte\u00bb \u00e0 www.radioalma.eu. Vos remarques et suggestions sont les bienvenues!<\/p>\n","protected":false},"excerpt":{"rendered":"<p>Dj Nacho de Mandanga Sonora\u00a0 m\u00e9lange dans le programme d&rsquo;aujourd&rsquo;hui diff\u00e9rents th\u00e8mes sociaux. Suivant le fil conducteur de la derni\u00e8re \u00e9mission, nous reparlerons de l&rsquo;\u00e9galit\u00e9 des sexes et des droits de la femme par le biais du r\u00e9seau des femmes d&rsquo;Am\u00e9rique latine et des Cara\u00efbes. En outre, pour marquer le&#8230;<\/p>\n","protected":false},"author":62,"featured_media":0,"comment_status":"open","ping_status":"open","sticky":false,"template":"","format":"standard","meta":{"footnotes":""},"categories":[31],"tags":[],"class_list":["post-722","post","type-post","status-publish","format-standard","hentry","category-fils-rss"],"_links":{"self":[{"href":"https:\/\/radioalma.eu\/horizonte\/wp-json\/wp\/v2\/posts\/722","targetHints":{"allow":["GET"]}}],"collection":[{"href":"https:\/\/radioalma.eu\/horizonte\/wp-json\/wp\/v2\/posts"}],"about":[{"href":"https:\/\/radioalma.eu\/horizonte\/wp-json\/wp\/v2\/types\/post"}],"author":[{"embeddable":true,"href":"https:\/\/radioalma.eu\/horizonte\/wp-json\/wp\/v2\/users\/62"}],"replies":[{"embeddable":true,"href":"https:\/\/radioalma.eu\/horizonte\/wp-json\/wp\/v2\/comments?post=722"}],"version-history":[{"count":0,"href":"https:\/\/radioalma.eu\/horizonte\/wp-json\/wp\/v2\/posts\/722\/revisions"}],"wp:attachment":[{"href":"https:\/\/radioalma.eu\/horizonte\/wp-json\/wp\/v2\/media?parent=722"}],"wp:term":[{"taxonomy":"category","embeddable":true,"href":"https:\/\/radioalma.eu\/horizonte\/wp-json\/wp\/v2\/categories?post=722"},{"taxonomy":"post_tag","embeddable":true,"href":"https:\/\/radioalma.eu\/horizonte\/wp-json\/wp\/v2\/tags?post=722"}],"curies":[{"name":"wp","href":"https:\/\/api.w.org\/{rel}","templated":true}]}}