{"id":727,"date":"2013-08-28T13:00:09","date_gmt":"2013-08-28T12:00:09","guid":{"rendered":"http:\/\/radioalma.eu\/horizonte\/?p=727"},"modified":"2013-12-03T12:30:45","modified_gmt":"2013-12-03T11:30:45","slug":"mandanga-sonora-programa-15","status":"publish","type":"post","link":"https:\/\/radioalma.eu\/horizonte\/2013\/08\/28\/mandanga-sonora-programa-15\/","title":{"rendered":"Mandanga Sonora: Programa 15"},"content":{"rendered":"<p><a href=\"http:\/\/radioalma.eu\/horizonte\/files\/2013\/08\/mg_24421.jpg\"><img fetchpriority=\"high\" decoding=\"async\" class=\"alignleft size-full wp-image-729\" alt=\"mg_2442\" src=\"http:\/\/radioalma.eu\/horizonte\/files\/2013\/08\/mg_24421.jpg\" width=\"504\" height=\"334\" srcset=\"https:\/\/radioalma.eu\/horizonte\/files\/2013\/08\/mg_24421-300x200.jpg 300w, https:\/\/radioalma.eu\/horizonte\/files\/2013\/08\/mg_24421-120x80.jpg 120w\" sizes=\"(max-width: 504px) 100vw, 504px\" \/><\/a>Le programme d&rsquo;aujourd&rsquo;hui de Mandanga Sonora\u00a0est\u00a0 \u00e0 la fois un hommage et une plainte \u00e0 l&rsquo;occasion du septi\u00e8me anniversaire de l&rsquo;accident de m\u00e9tro le plus grave sur le territoire espagnol. Le 3 Juillet 2006, un train appartenant\u00a0 la soci\u00e9t\u00e9 \u201cMetrovalencia\u201d transportant 150 personnes a d\u00e9raill\u00e9 pr\u00e8s de la station J\u00e9sus provoquant la mort de quarante-trois passagers et\u00a0 quarante-sept bless\u00e9s grave. Depuis cet incident, les victimes et leur famille se mobilisent pour faire entendre leur voix et exposer les causes de l&rsquo;accident \u00e0 fin que justice soit faite. La vitesse trop \u00e9lev\u00e9e ainsi que le syst\u00e8me de freinage d&rsquo;urgence (FAP) install\u00e9 sur cette ligne rempla\u00e7ant le syst\u00e8me ATP plus performant et recouvrant le reste des lignes espagnoles, seraient les causes de l&rsquo;accident.<\/p>\n<p>&nbsp;<\/p>\n<p>Compte tenu de la gravit\u00e9 et le flou qui entoure le dossier, les familles des victimes ont cr\u00e9\u00e9 une association visant \u00e0 informer le public sur les causes de l&rsquo;accident. Chaque troisi\u00e8me jour du mois, un rassemblement sur\u00a0 la Plaza de la Virgen de Valence est organis\u00e9 par l&rsquo;association, et ce dans le but\u00a0 de r\u00e9clamer \u00e0 l&rsquo;administration communale son devoir envers les victimes.<\/p>\n<p>&nbsp;<\/p>\n<p>Ce 3 juillet, on a pu compter pr\u00e8s de 5000 personnes sur la Plaza de la Virgen en soutient des victimes. Nos coll\u00e8gues de Radio Malva \u00e9taient pr\u00e9sents pour soutenir le mouvement et permettre aux victimes de faire entendre le voix.<\/p>\n<p>Nous les \u00e9coutons;<\/p>\n<p>(emisi\u00f3n)<\/p>\n<p>Cette \u00e9mission vise \u00e0 mobiliser les jeunes et \u00e0 les rapprocher de l\u2019actualit\u00e9 politique espagnole, ainsi qu\u2019aux milieux artistiques et de loisirs.<\/p>\n<p>Dj Nacho de Radio Malva fait un montage sonore dynamique dans lequel toutes les pi\u00e8ces s\u2019embo\u00eetent parfaitement, technique connue sous l\u2019appellation \u00abInstallation sonore \u00bb.<br \/>\nSur \u00ab Mandanga Sonora \u00bb, on exprime toute la diversit\u00e9 et la richesse de contenus qui cohabitent chaque semaine sur Radio Malva.<br \/>\nRadio Malva est une radio de quartier qui \u00e9met sur le FM 104,9 de \u00ab Poblados Mar\u00edtimos \u00bb \u00e0 Valence, qui vise \u00e0 cr\u00e9er un environnement participatif dans lequel toutes les personnes du quartier ont leur place. En outre, cette radio fonctionne comme un espace d\u2019expression libre et comme un collectif social, qui cherche \u00e0 sensibiliser le public aux probl\u00e8mes sociaux de la communaut\u00e9 valencienne et surtout contre la sp\u00e9culation et l\u2019abandon qui r\u00e8gnent sur les quartiers maritimes \u00ab Le Caba\u00f1al \u00bb et \u00ab La Malvarrosa \u00bb.<br \/>\nVous \u00e9coutez cette \u00e9mission dans le cadre de \u00abProyecto Horizonte\u00bb, un partenariat o\u00f9 Radio Alma cherche \u00e0 promouvoir la richesse et la diversit\u00e9 des radios associatives en espagnol qui existent dans le monde. Nous remercions \u00abRadio Malva\u00bb et l\u2019\u00e9quipe de \u00abMandanga Sonora\u00bb pour leur collaboration au d\u00e9veloppement de ce projet. Cette \u00e9mission a \u00e9t\u00e9 produite avec la voix et la r\u00e9daction de \u00c1ngela S\u00e1nchez Mart\u00edn et le support linguistique de David Mart\u00ednez.<\/p>\n<p>Vous pouvez \u00e9couter \u00abMandanga Sonora\u00bb sur www.mandangasonora.blogspot.com ou \u00e9galement r\u00e9\u00e9couter cette \u00e9mission sur notre blog \u00abProyecto Horizonte\u00bb \u00e0 www.radioalma.eu. Vos remarques et suggestions sont les bienvenues!<\/p>\n<p><a href=\"http:\/\/radioalma.eu\/horizonte\/files\/2013\/08\/4041270536658g.jpg\"><img decoding=\"async\" class=\"alignleft size-full wp-image-730\" alt=\"4041270536658g\" src=\"http:\/\/radioalma.eu\/horizonte\/files\/2013\/08\/4041270536658g.jpg\" width=\"771\" height=\"151\" \/><\/a><\/p>\n","protected":false},"excerpt":{"rendered":"<p>Le programme d&rsquo;aujourd&rsquo;hui de Mandanga Sonora\u00a0est\u00a0 \u00e0 la fois un hommage et une plainte \u00e0 l&rsquo;occasion du septi\u00e8me anniversaire de l&rsquo;accident de m\u00e9tro le plus grave sur le territoire espagnol. Le 3 Juillet 2006, un train appartenant\u00a0 la soci\u00e9t\u00e9 \u201cMetrovalencia\u201d transportant 150 personnes a d\u00e9raill\u00e9 pr\u00e8s de la station J\u00e9sus&#8230;<\/p>\n","protected":false},"author":60,"featured_media":0,"comment_status":"open","ping_status":"open","sticky":false,"template":"","format":"standard","meta":{"footnotes":""},"categories":[21],"tags":[],"class_list":["post-727","post","type-post","status-publish","format-standard","hentry","category-deja-diffuse"],"_links":{"self":[{"href":"https:\/\/radioalma.eu\/horizonte\/wp-json\/wp\/v2\/posts\/727","targetHints":{"allow":["GET"]}}],"collection":[{"href":"https:\/\/radioalma.eu\/horizonte\/wp-json\/wp\/v2\/posts"}],"about":[{"href":"https:\/\/radioalma.eu\/horizonte\/wp-json\/wp\/v2\/types\/post"}],"author":[{"embeddable":true,"href":"https:\/\/radioalma.eu\/horizonte\/wp-json\/wp\/v2\/users\/60"}],"replies":[{"embeddable":true,"href":"https:\/\/radioalma.eu\/horizonte\/wp-json\/wp\/v2\/comments?post=727"}],"version-history":[{"count":0,"href":"https:\/\/radioalma.eu\/horizonte\/wp-json\/wp\/v2\/posts\/727\/revisions"}],"wp:attachment":[{"href":"https:\/\/radioalma.eu\/horizonte\/wp-json\/wp\/v2\/media?parent=727"}],"wp:term":[{"taxonomy":"category","embeddable":true,"href":"https:\/\/radioalma.eu\/horizonte\/wp-json\/wp\/v2\/categories?post=727"},{"taxonomy":"post_tag","embeddable":true,"href":"https:\/\/radioalma.eu\/horizonte\/wp-json\/wp\/v2\/tags?post=727"}],"curies":[{"name":"wp","href":"https:\/\/api.w.org\/{rel}","templated":true}]}}