{"id":1331,"date":"2018-06-08T19:02:35","date_gmt":"2018-06-08T17:02:35","guid":{"rendered":"http:\/\/radioalma.eu\/lavozdecharo\/?p=1331"},"modified":"2025-08-24T18:32:43","modified_gmt":"2025-08-24T16:32:43","slug":"una-madre-coraje-un-gran-ejemplo-para-la-sociedad","status":"publish","type":"post","link":"https:\/\/radioalma.eu\/lavozdecharo\/2018\/06\/08\/una-madre-coraje-un-gran-ejemplo-para-la-sociedad\/","title":{"rendered":"Una madre coraje: un gran ejemplo para la sociedad"},"content":{"rendered":"<p>Mar\u00eda del Mar Berm\u00fadez es la madre de Sandra Palo, la joven de 22 a\u00f1os, pero con mentalidad de 12, a la que cuatro salvajes violaron, atropellaron y quemaron (la rociaron con gasolina cuando a\u00fan estaba viva&#8230;) cuando volv\u00eda a su casa, el 17 de mayo de 2003. Desde entonces, Mar\u00eda del Mar no ha dejado de luchar para que se haga justicia por este crimen que la Fiscal\u00eda consider\u00f3 \u00ab\u00a0el m\u00e1s vil de la historia\u00a0\u00bb. Tres de los asesinos de Sandra eran menores de edad cuando cometieron aquel acto cruel y despiadado. Les impusieron \u00ab\u00a0penas irrosorias\u00a0\u00bb seg\u00fan nos dice su madre y, como ella misma predijo, desde que salieron de los distintos centros, no han parado de delinquir. Mar\u00eda del Mar consigui\u00f3 1.500.000 de firmas para que se reforme la Ley del Menor, pero ya no se sabe qu\u00e9 fue de ellas&#8230; A pesar del agotamiento tanto f\u00edsico como psicol\u00f3gico que le produce esta lucha y aunque dice que, despu\u00e9s de tantos a\u00f1os, no cree en la Justicia, aunque s\u00ed en el trabajo de la Polic\u00eda, est\u00e1 dispuesta a seguir luchando&#8230; Una madre coraje que es un ejemplo para todos nosotros.<\/p>\n<audio class=\"wp-audio-shortcode\" id=\"audio-1331-1\" preload=\"none\" style=\"width: 100%;\" controls=\"controls\"><source type=\"audio\/mpeg\" src=\"http:\/\/radioalma.eu\/lavozdecharo\/files\/2018\/06\/Entrevista-a-Maria-del-Mar-Bermudez-madre-de-Sandra-Palo-parte-A.mp3?_=1\" \/><a href=\"http:\/\/radioalma.eu\/lavozdecharo\/files\/2018\/06\/Entrevista-a-Maria-del-Mar-Bermudez-madre-de-Sandra-Palo-parte-A.mp3\">http:\/\/radioalma.eu\/lavozdecharo\/files\/2018\/06\/Entrevista-a-Maria-del-Mar-Bermudez-madre-de-Sandra-Palo-parte-A.mp3<\/a><\/audio>\n<audio class=\"wp-audio-shortcode\" id=\"audio-1331-2\" preload=\"none\" style=\"width: 100%;\" controls=\"controls\"><source type=\"audio\/mpeg\" src=\"http:\/\/radioalma.eu\/lavozdecharo\/files\/2018\/06\/Entrevista-a-Maria-del-Mar-Bermudez-madre-de-Sandra-Palo-parte-B.mp3?_=2\" \/><a href=\"http:\/\/radioalma.eu\/lavozdecharo\/files\/2018\/06\/Entrevista-a-Maria-del-Mar-Bermudez-madre-de-Sandra-Palo-parte-B.mp3\">http:\/\/radioalma.eu\/lavozdecharo\/files\/2018\/06\/Entrevista-a-Maria-del-Mar-Bermudez-madre-de-Sandra-Palo-parte-B.mp3<\/a><\/audio>\n<p>Extracto del art\u00edculo firmado por M\u00f3nica G. Alvarez en \u00ab\u00a0La Vanguardia\u00a0\u00bb el 18\/05\/18.<\/p>\n<p>\u201cUna de las muertes m\u00e1s desproporcionadas, viles, inhumanas y sangrantes que existen\u201d. As\u00ed recogi\u00f3 el Ministerio Fiscal en su conclusiones definitivas ante la Audiencia Provincial de Madrid, c\u00f3mo hab\u00edan perpetrado los por entonces acusados uno de los cr\u00edmenes m\u00e1s terribles en la cr\u00f3nica negra espa\u00f1ola. El caso de<b>\u00a0Sandra Palo\u00a0<\/b>hizo tambalear los cimientos de la sociedad y tambi\u00e9n el de la justicia. A la joven madrile\u00f1a de 22 a\u00f1os con una leve discapacidad intelectual la secuestraron, violaron por turnos, la quemaron comprando un euro de gasolina y atropellaron hasta en quince ocasiones. Su cuerpo apareci\u00f3 en una cuneta de la carretera de Toledo (N-401) a la altura de localidad madrile\u00f1a de Legan\u00e9s en 2003.\u00a0\u00bb.<\/p>\n<p>Wikipedia:<\/p>\n<p>Los acusados en el asesinato de la joven eran cuatro, tres de ellos menores:<\/p>\n<ul>\n<li><b>Francisco Javier Astorga Luque<\/b>, apodado\u00a0<i>El Malaguita<\/i>\u00a0por haber nacido en\u00a0<a title=\"M\u00e1laga\" href=\"https:\/\/es.wikipedia.org\/wiki\/M%C3%A1laga\">dicha ciudad<\/a>, con 18 a\u00f1os y cinco meses al momento del crimen y detenido el 12 de junio en el distrito de\u00a0<a title=\"Puente de Vallecas\" href=\"https:\/\/es.wikipedia.org\/wiki\/Puente_de_Vallecas\">Puente de Vallecas<\/a>\u00a0(barrio de\u00a0<a title=\"Madrid\" href=\"https:\/\/es.wikipedia.org\/wiki\/Madrid\">Madrid<\/a>) tras robar un veh\u00edculo y atropellar a un peat\u00f3n. Fue condenado a 64 a\u00f1os de prisi\u00f3n por tres delitos de\u00a0<a title=\"Violaci\u00f3n\" href=\"https:\/\/es.wikipedia.org\/wiki\/Violaci%C3%B3n\">violaci\u00f3n<\/a>\u00a0y uno de\u00a0<a title=\"Asesinato\" href=\"https:\/\/es.wikipedia.org\/wiki\/Asesinato\">asesinato<\/a>\u00a0con los agravantes de alevos\u00eda y ensa\u00f1amiento.<\/li>\n<\/ul>\n<ul>\n<li><b>Ram\u00f3n Santiago Jim\u00e9nez<\/b>,\u00a0<i>Ram\u00f3n<\/i>\u00a0y\u00a0<b>Jos\u00e9 Ram\u00f3n Manzano Manzano<\/b>,\u00a0<i>Ramonc\u00edn<\/i>, ambos de 17 a\u00f1os, detenidos a finales de junio de ese mismo a\u00f1o en sus domicilios de la\u00a0<a title=\"Ca\u00f1ada Real (Madrid)\" href=\"https:\/\/es.wikipedia.org\/wiki\/Ca%C3%B1ada_Real_(Madrid)\">Ca\u00f1ada Real<\/a>\u00a0y\u00a0<a title=\"Alcorc\u00f3n\" href=\"https:\/\/es.wikipedia.org\/wiki\/Alcorc%C3%B3n\">Alcorc\u00f3n<\/a>. Fueron sentenciados a cumplir 17 a\u00f1os de internamiento. Cumplieron condena desde\u00a0<a class=\"mw-redirect\" title=\"Octubre de 2003\" href=\"https:\/\/es.wikipedia.org\/wiki\/Octubre_de_2003\">octubre de 2003<\/a>\u00a0hasta 2012. Ambos continuaron delinquiendo.<\/li>\n<\/ul>\n<ul>\n<li><b>Rafael Garc\u00eda Fern\u00e1ndez<\/b>,\u00a0<i>El Rafita<\/i>, miembro de la banda\u00a0<i>El chupete<\/i>. Contaba con 14 a\u00f1os en el momento de su detenci\u00f3n. Ten\u00eda antecedentes por haber disparado con una escopeta de perdigones a cuantos pasaban por una avenida de\u00a0<a title=\"Villaviciosa de Od\u00f3n\" href=\"https:\/\/es.wikipedia.org\/wiki\/Villaviciosa_de_Od%C3%B3n\">Villaviciosa de Od\u00f3n<\/a>, llegando a herir a varios viandantes que requirieron de asistencia sanitaria. Por el caso del asesinato de Sandra Palo fue acusado de secuestro, violaci\u00f3n y asesinato y puesto en libertad del Centro de Internamiento El Renasco de\u00a0<a title=\"Carabanchel\" href=\"https:\/\/es.wikipedia.org\/wiki\/Carabanchel\">Carabanchel<\/a>, tras cumplir 4 a\u00f1os de condena. Continu\u00f3 delinquiendo e ingres\u00f3 en prisi\u00f3n por reincidencia multiples veces.<\/li>\n<\/ul>\n","protected":false},"excerpt":{"rendered":"<div class=\"mh-excerpt\"><p>Mar\u00eda del Mar Berm\u00fadez es la madre de Sandra Palo, la joven de 22 a\u00f1os, pero con mentalidad de 12, a la que cuatro salvajes violaron, atropellaron y quemaron (la rociaron con gasolina cuando a\u00fan <a class=\"mh-excerpt-more\" href=\"https:\/\/radioalma.eu\/lavozdecharo\/2018\/06\/08\/una-madre-coraje-un-gran-ejemplo-para-la-sociedad\/\" title=\"Una madre coraje: un gran ejemplo para la sociedad\">[&#8230;]<\/a><\/p>\n<\/div>","protected":false},"author":22,"featured_media":0,"comment_status":"open","ping_status":"open","sticky":false,"template":"","format":"standard","meta":{"footnotes":""},"categories":[44],"tags":[],"class_list":{"0":"post-1331","1":"post","2":"type-post","3":"status-publish","4":"format-standard","6":"category-crimen"},"_links":{"self":[{"href":"https:\/\/radioalma.eu\/lavozdecharo\/wp-json\/wp\/v2\/posts\/1331","targetHints":{"allow":["GET"]}}],"collection":[{"href":"https:\/\/radioalma.eu\/lavozdecharo\/wp-json\/wp\/v2\/posts"}],"about":[{"href":"https:\/\/radioalma.eu\/lavozdecharo\/wp-json\/wp\/v2\/types\/post"}],"author":[{"embeddable":true,"href":"https:\/\/radioalma.eu\/lavozdecharo\/wp-json\/wp\/v2\/users\/22"}],"replies":[{"embeddable":true,"href":"https:\/\/radioalma.eu\/lavozdecharo\/wp-json\/wp\/v2\/comments?post=1331"}],"version-history":[{"count":1,"href":"https:\/\/radioalma.eu\/lavozdecharo\/wp-json\/wp\/v2\/posts\/1331\/revisions"}],"predecessor-version":[{"id":3509,"href":"https:\/\/radioalma.eu\/lavozdecharo\/wp-json\/wp\/v2\/posts\/1331\/revisions\/3509"}],"wp:attachment":[{"href":"https:\/\/radioalma.eu\/lavozdecharo\/wp-json\/wp\/v2\/media?parent=1331"}],"wp:term":[{"taxonomy":"category","embeddable":true,"href":"https:\/\/radioalma.eu\/lavozdecharo\/wp-json\/wp\/v2\/categories?post=1331"},{"taxonomy":"post_tag","embeddable":true,"href":"https:\/\/radioalma.eu\/lavozdecharo\/wp-json\/wp\/v2\/tags?post=1331"}],"curies":[{"name":"wp","href":"https:\/\/api.w.org\/{rel}","templated":true}]}}