{"id":144,"date":"2013-06-21T19:30:29","date_gmt":"2013-06-21T17:30:29","guid":{"rendered":"http:\/\/radioalma.eu\/lavozdecharo\/?p=144"},"modified":"2013-12-09T19:36:54","modified_gmt":"2013-12-09T18:36:54","slug":"alvaro-urquijo-siempre-de-gira-con-los-secretos","status":"publish","type":"post","link":"https:\/\/radioalma.eu\/lavozdecharo\/2013\/06\/21\/alvaro-urquijo-siempre-de-gira-con-los-secretos\/","title":{"rendered":"Alvaro Urquijo, siempre de gira con Los Secretos"},"content":{"rendered":"<p>Hablamos otra vez con \u00c1lvaro Urquijo quien, entre concierto y concierto, tiene un momento para contarnos que, a pesar de que no est\u00e1 muy bien el panorama, ellos no paran de trabajar&#8230; Los Secretos, m\u00e1s de treinta a\u00f1os amenizando nuestras vidas con sus sentimientos y su m\u00fasica. Ah, le felicitamos porque al d\u00eda siguiente va a ser su cumplea\u00f1os. \u00a1Felicidades \u00c1lvaro!<\/p>\n<audio class=\"wp-audio-shortcode\" id=\"audio-144-1\" preload=\"none\" style=\"width: 100%;\" controls=\"controls\"><source type=\"audio\/mpeg\" src=\"http:\/\/radioalma.eu\/lavozdecharo\/files\/2013\/12\/Entrevista-a-Alvaro-Urquijo-20130621-B.mp3?_=1\" \/><a href=\"http:\/\/radioalma.eu\/lavozdecharo\/files\/2013\/12\/Entrevista-a-Alvaro-Urquijo-20130621-B.mp3\">http:\/\/radioalma.eu\/lavozdecharo\/files\/2013\/12\/Entrevista-a-Alvaro-Urquijo-20130621-B.mp3<\/a><\/audio>\n<p>&nbsp;<\/p>\n<p>&nbsp;<\/p>\n","protected":false},"excerpt":{"rendered":"<div class=\"mh-excerpt\"><p>Hablamos otra vez con \u00c1lvaro Urquijo quien, entre concierto y concierto, tiene un momento para contarnos que, a pesar de que no est\u00e1 muy bien el panorama, ellos no paran de trabajar&#8230; Los Secretos, m\u00e1s <a class=\"mh-excerpt-more\" href=\"https:\/\/radioalma.eu\/lavozdecharo\/2013\/06\/21\/alvaro-urquijo-siempre-de-gira-con-los-secretos\/\" title=\"Alvaro Urquijo, siempre de gira con Los Secretos\">[&#8230;]<\/a><\/p>\n<\/div>","protected":false},"author":22,"featured_media":0,"comment_status":"open","ping_status":"open","sticky":false,"template":"","format":"standard","meta":{"footnotes":""},"categories":[1],"tags":[],"class_list":{"0":"post-144","1":"post","2":"type-post","3":"status-publish","4":"format-standard","6":"category-non-classe"},"_links":{"self":[{"href":"https:\/\/radioalma.eu\/lavozdecharo\/wp-json\/wp\/v2\/posts\/144","targetHints":{"allow":["GET"]}}],"collection":[{"href":"https:\/\/radioalma.eu\/lavozdecharo\/wp-json\/wp\/v2\/posts"}],"about":[{"href":"https:\/\/radioalma.eu\/lavozdecharo\/wp-json\/wp\/v2\/types\/post"}],"author":[{"embeddable":true,"href":"https:\/\/radioalma.eu\/lavozdecharo\/wp-json\/wp\/v2\/users\/22"}],"replies":[{"embeddable":true,"href":"https:\/\/radioalma.eu\/lavozdecharo\/wp-json\/wp\/v2\/comments?post=144"}],"version-history":[{"count":0,"href":"https:\/\/radioalma.eu\/lavozdecharo\/wp-json\/wp\/v2\/posts\/144\/revisions"}],"wp:attachment":[{"href":"https:\/\/radioalma.eu\/lavozdecharo\/wp-json\/wp\/v2\/media?parent=144"}],"wp:term":[{"taxonomy":"category","embeddable":true,"href":"https:\/\/radioalma.eu\/lavozdecharo\/wp-json\/wp\/v2\/categories?post=144"},{"taxonomy":"post_tag","embeddable":true,"href":"https:\/\/radioalma.eu\/lavozdecharo\/wp-json\/wp\/v2\/tags?post=144"}],"curies":[{"name":"wp","href":"https:\/\/api.w.org\/{rel}","templated":true}]}}