{"id":2035,"date":"2020-11-20T18:50:18","date_gmt":"2020-11-20T17:50:18","guid":{"rendered":"https:\/\/radioalma.eu\/lavozdecharo\/?p=2035"},"modified":"2024-12-05T18:14:21","modified_gmt":"2024-12-05T17:14:21","slug":"con-la-nueva-ley-de-educacion-se-da-un-paso-mas-para-la-discriminacion-del-idioma-espanol-en-espana","status":"publish","type":"post","link":"https:\/\/radioalma.eu\/lavozdecharo\/2020\/11\/20\/con-la-nueva-ley-de-educacion-se-da-un-paso-mas-para-la-discriminacion-del-idioma-espanol-en-espana\/","title":{"rendered":"La nueva ley de educaci\u00f3n: otro paso m\u00e1s para la discriminaci\u00f3n del idioma espa\u00f1ol&#8230; en Espa\u00f1a"},"content":{"rendered":"\n<p>Lo afirma Gloria Lago, presidenta de \u00ab\u00a0Hablemos Espa\u00f1ol\u00a0\u00bb, asociaci\u00f3n apartidista sin \u00e1nimo de lucro, cuyos objetivos son: elecci\u00f3n de lengua vehicular en la ense\u00f1anza, biling\u00fcismo en la administraci\u00f3n, no primar el uso de una lengua a la competencia profesional, apertura de la cultura a los creadores en ambas lenguas, y que los top\u00f3nimos prohibidos en espa\u00f1ol vuelvan a&nbsp; ser oficiales.  (hispanohablantes.es) <\/p>\n\n\n\n\n\n<figure class=\"wp-block-audio\"><audio controls src=\"https:\/\/radioalma.eu\/lavozdecharo\/files\/2020\/11\/entrevista-a-Gloria-Lago.mp3\"><\/audio><\/figure>\n","protected":false},"excerpt":{"rendered":"<div class=\"mh-excerpt\"><p>Lo afirma Gloria Lago, presidenta de \u00ab\u00a0Hablemos Espa\u00f1ol\u00a0\u00bb, asociaci\u00f3n apartidista sin \u00e1nimo de lucro, cuyos objetivos son: elecci\u00f3n de lengua vehicular en la ense\u00f1anza, biling\u00fcismo en la administraci\u00f3n, no primar el uso de una lengua <a class=\"mh-excerpt-more\" href=\"https:\/\/radioalma.eu\/lavozdecharo\/2020\/11\/20\/con-la-nueva-ley-de-educacion-se-da-un-paso-mas-para-la-discriminacion-del-idioma-espanol-en-espana\/\" title=\"La nueva ley de educaci\u00f3n: otro paso m\u00e1s para la discriminaci\u00f3n del idioma espa\u00f1ol&#8230; en Espa\u00f1a\">[&#8230;]<\/a><\/p>\n<\/div>","protected":false},"author":22,"featured_media":0,"comment_status":"open","ping_status":"open","sticky":false,"template":"","format":"standard","meta":{"footnotes":""},"categories":[1],"tags":[],"class_list":{"0":"post-2035","1":"post","2":"type-post","3":"status-publish","4":"format-standard","6":"category-non-classe"},"_links":{"self":[{"href":"https:\/\/radioalma.eu\/lavozdecharo\/wp-json\/wp\/v2\/posts\/2035","targetHints":{"allow":["GET"]}}],"collection":[{"href":"https:\/\/radioalma.eu\/lavozdecharo\/wp-json\/wp\/v2\/posts"}],"about":[{"href":"https:\/\/radioalma.eu\/lavozdecharo\/wp-json\/wp\/v2\/types\/post"}],"author":[{"embeddable":true,"href":"https:\/\/radioalma.eu\/lavozdecharo\/wp-json\/wp\/v2\/users\/22"}],"replies":[{"embeddable":true,"href":"https:\/\/radioalma.eu\/lavozdecharo\/wp-json\/wp\/v2\/comments?post=2035"}],"version-history":[{"count":0,"href":"https:\/\/radioalma.eu\/lavozdecharo\/wp-json\/wp\/v2\/posts\/2035\/revisions"}],"wp:attachment":[{"href":"https:\/\/radioalma.eu\/lavozdecharo\/wp-json\/wp\/v2\/media?parent=2035"}],"wp:term":[{"taxonomy":"category","embeddable":true,"href":"https:\/\/radioalma.eu\/lavozdecharo\/wp-json\/wp\/v2\/categories?post=2035"},{"taxonomy":"post_tag","embeddable":true,"href":"https:\/\/radioalma.eu\/lavozdecharo\/wp-json\/wp\/v2\/tags?post=2035"}],"curies":[{"name":"wp","href":"https:\/\/api.w.org\/{rel}","templated":true}]}}