{"id":2874,"date":"2023-12-08T12:09:02","date_gmt":"2023-12-08T11:09:02","guid":{"rendered":"https:\/\/radioalma.eu\/lavozdecharo\/?p=2874"},"modified":"2025-08-27T17:36:52","modified_gmt":"2025-08-27T15:36:52","slug":"la-vida-era-eso","status":"publish","type":"post","link":"https:\/\/radioalma.eu\/lavozdecharo\/2023\/12\/08\/la-vida-era-eso\/","title":{"rendered":"\u00ab\u00a0La vida era eso\u00a0\u00bb"},"content":{"rendered":"\n\n\n<p>Es el bonito t\u00edtulo de una gran pel\u00edcula, escrita y dirigida por David Mart\u00edn de los Santos, y por la que ha recibido numerosos premios. Su director nos cuenta la historia de esta pel\u00edcula, su primer largometraje.\u00a0<\/p>\n<p>\u00a0<\/p>\n\n\n\n<figure class=\"wp-block-audio\"><audio controls src=\"https:\/\/radioalma.eu\/lavozdecharo\/files\/2023\/12\/Entrevista-a-David-Martin-de-los-Santos.mp3\"><\/audio><\/figure>\n","protected":false},"excerpt":{"rendered":"<div class=\"mh-excerpt\"><p>Es el bonito t\u00edtulo de una gran pel\u00edcula, escrita y dirigida por David Mart\u00edn de los Santos, y por la que ha recibido numerosos premios. Su director nos cuenta la historia de esta pel\u00edcula, su <a class=\"mh-excerpt-more\" href=\"https:\/\/radioalma.eu\/lavozdecharo\/2023\/12\/08\/la-vida-era-eso\/\" title=\"\u00ab\u00a0La vida era eso\u00a0\u00bb\">[&#8230;]<\/a><\/p>\n<\/div>","protected":false},"author":22,"featured_media":3631,"comment_status":"open","ping_status":"open","sticky":false,"template":"","format":"standard","meta":{"footnotes":""},"categories":[38],"tags":[],"class_list":{"0":"post-2874","1":"post","2":"type-post","3":"status-publish","4":"format-standard","5":"has-post-thumbnail","7":"category-cine"},"_links":{"self":[{"href":"https:\/\/radioalma.eu\/lavozdecharo\/wp-json\/wp\/v2\/posts\/2874","targetHints":{"allow":["GET"]}}],"collection":[{"href":"https:\/\/radioalma.eu\/lavozdecharo\/wp-json\/wp\/v2\/posts"}],"about":[{"href":"https:\/\/radioalma.eu\/lavozdecharo\/wp-json\/wp\/v2\/types\/post"}],"author":[{"embeddable":true,"href":"https:\/\/radioalma.eu\/lavozdecharo\/wp-json\/wp\/v2\/users\/22"}],"replies":[{"embeddable":true,"href":"https:\/\/radioalma.eu\/lavozdecharo\/wp-json\/wp\/v2\/comments?post=2874"}],"version-history":[{"count":1,"href":"https:\/\/radioalma.eu\/lavozdecharo\/wp-json\/wp\/v2\/posts\/2874\/revisions"}],"predecessor-version":[{"id":3475,"href":"https:\/\/radioalma.eu\/lavozdecharo\/wp-json\/wp\/v2\/posts\/2874\/revisions\/3475"}],"wp:featuredmedia":[{"embeddable":true,"href":"https:\/\/radioalma.eu\/lavozdecharo\/wp-json\/wp\/v2\/media\/3631"}],"wp:attachment":[{"href":"https:\/\/radioalma.eu\/lavozdecharo\/wp-json\/wp\/v2\/media?parent=2874"}],"wp:term":[{"taxonomy":"category","embeddable":true,"href":"https:\/\/radioalma.eu\/lavozdecharo\/wp-json\/wp\/v2\/categories?post=2874"},{"taxonomy":"post_tag","embeddable":true,"href":"https:\/\/radioalma.eu\/lavozdecharo\/wp-json\/wp\/v2\/tags?post=2874"}],"curies":[{"name":"wp","href":"https:\/\/api.w.org\/{rel}","templated":true}]}}