{"id":3127,"date":"2025-03-07T00:14:16","date_gmt":"2025-03-06T23:14:16","guid":{"rendered":"https:\/\/radioalma.eu\/lavozdecharo\/?p=3127"},"modified":"2025-08-25T15:28:41","modified_gmt":"2025-08-25T13:28:41","slug":"haciendo-campanas-desde-hace-casi-400-anos","status":"publish","type":"post","link":"https:\/\/radioalma.eu\/lavozdecharo\/2025\/03\/07\/haciendo-campanas-desde-hace-casi-400-anos\/","title":{"rendered":"Haciendo campanas desde hace m\u00e1s de 300 a\u00f1os"},"content":{"rendered":"\n\n\n<p>Ignacio Quintana nos cuenta que la empresa que dirige est\u00e1 entre nosotros desde el siglo XVII y nos explica en esta entrevista c\u00f3mo se hacen hoy en d\u00eda las campanas.\u00a0<\/p>\n<p>www.campanasquintana.es<\/p>\n<p>\u00a0<\/p>\n\n\n\n<figure class=\"wp-block-audio\"><audio controls src=\"https:\/\/radioalma.eu\/lavozdecharo\/files\/2025\/03\/Entrevista-a-Ignacio-Quintana-de-Campanas-Quintana.mp3\"><\/audio><\/figure>\n","protected":false},"excerpt":{"rendered":"<div class=\"mh-excerpt\"><p>Ignacio Quintana nos cuenta que la empresa que dirige est\u00e1 entre nosotros desde el siglo XVII y nos explica en esta entrevista c\u00f3mo se hacen hoy en d\u00eda las campanas.\u00a0 www.campanasquintana.es \u00a0<\/p>\n<\/div>","protected":false},"author":22,"featured_media":3581,"comment_status":"open","ping_status":"open","sticky":false,"template":"","format":"standard","meta":{"footnotes":""},"categories":[36],"tags":[],"class_list":{"0":"post-3127","1":"post","2":"type-post","3":"status-publish","4":"format-standard","5":"has-post-thumbnail","7":"category-tradicion"},"_links":{"self":[{"href":"https:\/\/radioalma.eu\/lavozdecharo\/wp-json\/wp\/v2\/posts\/3127","targetHints":{"allow":["GET"]}}],"collection":[{"href":"https:\/\/radioalma.eu\/lavozdecharo\/wp-json\/wp\/v2\/posts"}],"about":[{"href":"https:\/\/radioalma.eu\/lavozdecharo\/wp-json\/wp\/v2\/types\/post"}],"author":[{"embeddable":true,"href":"https:\/\/radioalma.eu\/lavozdecharo\/wp-json\/wp\/v2\/users\/22"}],"replies":[{"embeddable":true,"href":"https:\/\/radioalma.eu\/lavozdecharo\/wp-json\/wp\/v2\/comments?post=3127"}],"version-history":[{"count":1,"href":"https:\/\/radioalma.eu\/lavozdecharo\/wp-json\/wp\/v2\/posts\/3127\/revisions"}],"predecessor-version":[{"id":3353,"href":"https:\/\/radioalma.eu\/lavozdecharo\/wp-json\/wp\/v2\/posts\/3127\/revisions\/3353"}],"wp:featuredmedia":[{"embeddable":true,"href":"https:\/\/radioalma.eu\/lavozdecharo\/wp-json\/wp\/v2\/media\/3581"}],"wp:attachment":[{"href":"https:\/\/radioalma.eu\/lavozdecharo\/wp-json\/wp\/v2\/media?parent=3127"}],"wp:term":[{"taxonomy":"category","embeddable":true,"href":"https:\/\/radioalma.eu\/lavozdecharo\/wp-json\/wp\/v2\/categories?post=3127"},{"taxonomy":"post_tag","embeddable":true,"href":"https:\/\/radioalma.eu\/lavozdecharo\/wp-json\/wp\/v2\/tags?post=3127"}],"curies":[{"name":"wp","href":"https:\/\/api.w.org\/{rel}","templated":true}]}}