{"id":487,"date":"2014-06-06T19:58:11","date_gmt":"2014-06-06T17:58:11","guid":{"rendered":"http:\/\/radioalma.eu\/lavozdecharo\/?p=487"},"modified":"2025-09-04T19:28:54","modified_gmt":"2025-09-04T17:28:54","slug":"no-hay-practicas-para-los-futuros-marinos-mercantes","status":"publish","type":"post","link":"https:\/\/radioalma.eu\/lavozdecharo\/2014\/06\/06\/no-hay-practicas-para-los-futuros-marinos-mercantes\/","title":{"rendered":"La crisis llega al mar"},"content":{"rendered":"<p>No hay pr\u00e1cticas para los futuros marinos mercantes y, entre otras cosas por eso, se acaba de crear hace pocos meses, en Espa\u00f1a, la Asociaci\u00f3n de Profesionales de la Marina Mercante. Lisardo Garc\u00eda Gonz\u00e1lez forma parte de esta asociaci\u00f3n y nos explica el por qu\u00e9 de la misma.<\/p>\n<audio class=\"wp-audio-shortcode\" id=\"audio-487-1\" preload=\"none\" style=\"width: 100%;\" controls=\"controls\"><source type=\"audio\/mpeg\" src=\"http:\/\/radioalma.eu\/lavozdecharo\/files\/2014\/06\/Entrevista-a-Lisardo-amigo-Veronica-20140606.mp3?_=1\" \/><a href=\"http:\/\/radioalma.eu\/lavozdecharo\/files\/2014\/06\/Entrevista-a-Lisardo-amigo-Veronica-20140606.mp3\">http:\/\/radioalma.eu\/lavozdecharo\/files\/2014\/06\/Entrevista-a-Lisardo-amigo-Veronica-20140606.mp3<\/a><\/audio>\n","protected":false},"excerpt":{"rendered":"<div class=\"mh-excerpt\"><p>No hay pr\u00e1cticas para los futuros marinos mercantes y, entre otras cosas por eso, se acaba de crear hace pocos meses, en Espa\u00f1a, la Asociaci\u00f3n de Profesionales de la Marina Mercante. Lisardo Garc\u00eda Gonz\u00e1lez forma <a class=\"mh-excerpt-more\" href=\"https:\/\/radioalma.eu\/lavozdecharo\/2014\/06\/06\/no-hay-practicas-para-los-futuros-marinos-mercantes\/\" title=\"La crisis llega al mar\">[&#8230;]<\/a><\/p>\n<\/div>","protected":false},"author":22,"featured_media":3754,"comment_status":"open","ping_status":"open","sticky":false,"template":"","format":"standard","meta":{"footnotes":""},"categories":[51],"tags":[],"class_list":{"0":"post-487","1":"post","2":"type-post","3":"status-publish","4":"format-standard","5":"has-post-thumbnail","7":"category-trabajo"},"_links":{"self":[{"href":"https:\/\/radioalma.eu\/lavozdecharo\/wp-json\/wp\/v2\/posts\/487","targetHints":{"allow":["GET"]}}],"collection":[{"href":"https:\/\/radioalma.eu\/lavozdecharo\/wp-json\/wp\/v2\/posts"}],"about":[{"href":"https:\/\/radioalma.eu\/lavozdecharo\/wp-json\/wp\/v2\/types\/post"}],"author":[{"embeddable":true,"href":"https:\/\/radioalma.eu\/lavozdecharo\/wp-json\/wp\/v2\/users\/22"}],"replies":[{"embeddable":true,"href":"https:\/\/radioalma.eu\/lavozdecharo\/wp-json\/wp\/v2\/comments?post=487"}],"version-history":[{"count":1,"href":"https:\/\/radioalma.eu\/lavozdecharo\/wp-json\/wp\/v2\/posts\/487\/revisions"}],"predecessor-version":[{"id":3755,"href":"https:\/\/radioalma.eu\/lavozdecharo\/wp-json\/wp\/v2\/posts\/487\/revisions\/3755"}],"wp:featuredmedia":[{"embeddable":true,"href":"https:\/\/radioalma.eu\/lavozdecharo\/wp-json\/wp\/v2\/media\/3754"}],"wp:attachment":[{"href":"https:\/\/radioalma.eu\/lavozdecharo\/wp-json\/wp\/v2\/media?parent=487"}],"wp:term":[{"taxonomy":"category","embeddable":true,"href":"https:\/\/radioalma.eu\/lavozdecharo\/wp-json\/wp\/v2\/categories?post=487"},{"taxonomy":"post_tag","embeddable":true,"href":"https:\/\/radioalma.eu\/lavozdecharo\/wp-json\/wp\/v2\/tags?post=487"}],"curies":[{"name":"wp","href":"https:\/\/api.w.org\/{rel}","templated":true}]}}