{"id":707,"date":"2015-11-13T19:49:34","date_gmt":"2015-11-13T18:49:34","guid":{"rendered":"http:\/\/radioalma.eu\/lavozdecharo\/?p=707"},"modified":"2025-08-13T18:14:43","modified_gmt":"2025-08-13T16:14:43","slug":"un-hombre-libre","status":"publish","type":"post","link":"https:\/\/radioalma.eu\/lavozdecharo\/2015\/11\/13\/un-hombre-libre\/","title":{"rendered":"Un torero en Bruselas"},"content":{"rendered":"<p>Iv\u00e1n Fandi\u00f1o naci\u00f3 en el Pa\u00eds Vasco, pero se siente gallego como sus padres. No hay antecedentes taurinos en su familia, pero de peque\u00f1o le llevaban a correr encierros para ni\u00f1os y ah\u00ed naci\u00f3 su afici\u00f3n. Dice que est\u00e1 de acuerdo con Paolo Coelho en que cuando persigues un sue\u00f1o con el coraz\u00f3n, el universo entero se confabula para que lo consigas. Es torero porque es su manera de jugar con la vida y la muerte&#8230; sin trampa ni cart\u00f3n. Est\u00e1 en Bruselas para recibir un homenaje de la pe\u00f1a taurina \u00ab\u00a0La Belgicana\u00a0\u00bb.<\/p>\n<audio class=\"wp-audio-shortcode\" id=\"audio-707-1\" preload=\"none\" style=\"width: 100%;\" controls=\"controls\"><source type=\"audio\/mpeg\" src=\"http:\/\/radioalma.eu\/lavozdecharo\/files\/2015\/11\/Entrevista-a-Ivan-Fani\u00f1o-torero-20151113-.mp3?_=1\" \/><a href=\"http:\/\/radioalma.eu\/lavozdecharo\/files\/2015\/11\/Entrevista-a-Ivan-Fani\u00f1o-torero-20151113-.mp3\">http:\/\/radioalma.eu\/lavozdecharo\/files\/2015\/11\/Entrevista-a-Ivan-Fani\u00f1o-torero-20151113-.mp3<\/a><\/audio>\n","protected":false},"excerpt":{"rendered":"<div class=\"mh-excerpt\"><p>Iv\u00e1n Fandi\u00f1o naci\u00f3 en el Pa\u00eds Vasco, pero se siente gallego como sus padres. No hay antecedentes taurinos en su familia, pero de peque\u00f1o le llevaban a correr encierros para ni\u00f1os y ah\u00ed naci\u00f3 su <a class=\"mh-excerpt-more\" href=\"https:\/\/radioalma.eu\/lavozdecharo\/2015\/11\/13\/un-hombre-libre\/\" title=\"Un torero en Bruselas\">[&#8230;]<\/a><\/p>\n<\/div>","protected":false},"author":22,"featured_media":0,"comment_status":"open","ping_status":"open","sticky":false,"template":"","format":"standard","meta":{"footnotes":""},"categories":[33],"tags":[],"class_list":{"0":"post-707","1":"post","2":"type-post","3":"status-publish","4":"format-standard","6":"category-tauromaquia"},"_links":{"self":[{"href":"https:\/\/radioalma.eu\/lavozdecharo\/wp-json\/wp\/v2\/posts\/707","targetHints":{"allow":["GET"]}}],"collection":[{"href":"https:\/\/radioalma.eu\/lavozdecharo\/wp-json\/wp\/v2\/posts"}],"about":[{"href":"https:\/\/radioalma.eu\/lavozdecharo\/wp-json\/wp\/v2\/types\/post"}],"author":[{"embeddable":true,"href":"https:\/\/radioalma.eu\/lavozdecharo\/wp-json\/wp\/v2\/users\/22"}],"replies":[{"embeddable":true,"href":"https:\/\/radioalma.eu\/lavozdecharo\/wp-json\/wp\/v2\/comments?post=707"}],"version-history":[{"count":1,"href":"https:\/\/radioalma.eu\/lavozdecharo\/wp-json\/wp\/v2\/posts\/707\/revisions"}],"predecessor-version":[{"id":3337,"href":"https:\/\/radioalma.eu\/lavozdecharo\/wp-json\/wp\/v2\/posts\/707\/revisions\/3337"}],"wp:attachment":[{"href":"https:\/\/radioalma.eu\/lavozdecharo\/wp-json\/wp\/v2\/media?parent=707"}],"wp:term":[{"taxonomy":"category","embeddable":true,"href":"https:\/\/radioalma.eu\/lavozdecharo\/wp-json\/wp\/v2\/categories?post=707"},{"taxonomy":"post_tag","embeddable":true,"href":"https:\/\/radioalma.eu\/lavozdecharo\/wp-json\/wp\/v2\/tags?post=707"}],"curies":[{"name":"wp","href":"https:\/\/api.w.org\/{rel}","templated":true}]}}