{"id":777,"date":"2016-05-06T19:57:03","date_gmt":"2016-05-06T17:57:03","guid":{"rendered":"http:\/\/radioalma.eu\/lavozdecharo\/?p=777"},"modified":"2016-05-13T16:50:44","modified_gmt":"2016-05-13T14:50:44","slug":"el-abuso-sexual-a-menores","status":"publish","type":"post","link":"https:\/\/radioalma.eu\/lavozdecharo\/2016\/05\/06\/el-abuso-sexual-a-menores\/","title":{"rendered":"El abuso sexual a menores: un acto repugnante que deja una huella indeleble"},"content":{"rendered":"<p>Los datos son escalofriantes: un 23% de ni\u00f1as y un 15% de ni\u00f1os sufren abusos sexuales durante la infancia. Aunque parezca mentira, la mayor\u00eda de los abusadores son familiares directos de estas criaturas: abuelos, t\u00edos, primos, incluso padres biol\u00f3gicos&#8230; motivo por el que las denuncias, cuando se hacen, llegan tarde y\u00a0resultan dif\u00edciles de probar y de creer&#8230; Carmen Escudero es la presidenta de la asociaci\u00f3n GARAITZA (Asociaci\u00f3n para el tratamiento del abuso y el maltrato en la infancia), con sede en Bilbao, que ayuda a los adultos que un d\u00eda recuerdan que, casi siempre durante a\u00f1os, una persona querida fue tan miserable que abus\u00f3\u00a0ellos con total impunidad cuando eran unos ni\u00f1os.<\/p>\n<p>&nbsp;<\/p>\n<audio class=\"wp-audio-shortcode\" id=\"audio-777-1\" preload=\"none\" style=\"width: 100%;\" controls=\"controls\"><source type=\"audio\/mpeg\" src=\"http:\/\/radioalma.eu\/lavozdecharo\/files\/2016\/05\/Entrevista-a-Carmen-Escudero-GARAITZA-20160506.mp3?_=1\" \/><a href=\"http:\/\/radioalma.eu\/lavozdecharo\/files\/2016\/05\/Entrevista-a-Carmen-Escudero-GARAITZA-20160506.mp3\">http:\/\/radioalma.eu\/lavozdecharo\/files\/2016\/05\/Entrevista-a-Carmen-Escudero-GARAITZA-20160506.mp3<\/a><\/audio>\n<p>&nbsp;<\/p>\n<p>&nbsp;<\/p>\n","protected":false},"excerpt":{"rendered":"<div class=\"mh-excerpt\"><p>Los datos son escalofriantes: un 23% de ni\u00f1as y un 15% de ni\u00f1os sufren abusos sexuales durante la infancia. Aunque parezca mentira, la mayor\u00eda de los abusadores son familiares directos de estas criaturas: abuelos, t\u00edos, <a class=\"mh-excerpt-more\" href=\"https:\/\/radioalma.eu\/lavozdecharo\/2016\/05\/06\/el-abuso-sexual-a-menores\/\" title=\"El abuso sexual a menores: un acto repugnante que deja una huella indeleble\">[&#8230;]<\/a><\/p>\n<\/div>","protected":false},"author":22,"featured_media":0,"comment_status":"open","ping_status":"open","sticky":false,"template":"","format":"standard","meta":{"footnotes":""},"categories":[1],"tags":[],"class_list":{"0":"post-777","1":"post","2":"type-post","3":"status-publish","4":"format-standard","6":"category-non-classe"},"_links":{"self":[{"href":"https:\/\/radioalma.eu\/lavozdecharo\/wp-json\/wp\/v2\/posts\/777","targetHints":{"allow":["GET"]}}],"collection":[{"href":"https:\/\/radioalma.eu\/lavozdecharo\/wp-json\/wp\/v2\/posts"}],"about":[{"href":"https:\/\/radioalma.eu\/lavozdecharo\/wp-json\/wp\/v2\/types\/post"}],"author":[{"embeddable":true,"href":"https:\/\/radioalma.eu\/lavozdecharo\/wp-json\/wp\/v2\/users\/22"}],"replies":[{"embeddable":true,"href":"https:\/\/radioalma.eu\/lavozdecharo\/wp-json\/wp\/v2\/comments?post=777"}],"version-history":[{"count":0,"href":"https:\/\/radioalma.eu\/lavozdecharo\/wp-json\/wp\/v2\/posts\/777\/revisions"}],"wp:attachment":[{"href":"https:\/\/radioalma.eu\/lavozdecharo\/wp-json\/wp\/v2\/media?parent=777"}],"wp:term":[{"taxonomy":"category","embeddable":true,"href":"https:\/\/radioalma.eu\/lavozdecharo\/wp-json\/wp\/v2\/categories?post=777"},{"taxonomy":"post_tag","embeddable":true,"href":"https:\/\/radioalma.eu\/lavozdecharo\/wp-json\/wp\/v2\/tags?post=777"}],"curies":[{"name":"wp","href":"https:\/\/api.w.org\/{rel}","templated":true}]}}