{"id":2765,"date":"2020-04-28T20:53:00","date_gmt":"2020-04-28T18:53:00","guid":{"rendered":"https:\/\/radioalma.eu\/mulheres\/?p=2765"},"modified":"2021-09-18T15:10:30","modified_gmt":"2021-09-18T13:10:30","slug":"progression-de-la-pandemie-31","status":"publish","type":"post","link":"https:\/\/radioalma.eu\/mulheres\/2020\/04\/28\/progression-de-la-pandemie-31\/","title":{"rendered":"Progression de la pand\u00e9mie (31)"},"content":{"rendered":"\n<p>Mardi 28 avril<\/p>\n\n\n\n<p>Changement de temps, aujourd\u2019hui vent et pluie ; c\u2019\u00e9tait n\u00e9cessaire apr\u00e8s cette longue p\u00e9riode<br>s\u00e8che.<\/p>\n\n\n\n<p><strong>Discours de haine<\/strong><\/p>\n\n\n\n<p>Les autorit\u00e9s europ\u00e9ennes se pr\u00e9occupent de l\u2019augmentation de discours qui charrient la haine. Une \u00e9tude de la Commission europ\u00e9enne va analyser ces discours, leurs formes de diss\u00e9mination et leurs audiences. Ils couvrent aussi bien le discours raciste que le discours sexiste contre les femmes, qu\u2019il s\u2019agisse de femmes en g\u00e9n\u00e9ral ou en utilisant le pr\u00e9texte d\u2019une religion qu\u2019elle soit musulmane ou juive.<\/p>\n\n\n\n<p>Il semble que la pand\u00e9mie a encourag\u00e9 ce type de discours. On voit des mouvements populistes se saisir de cette occasion pour pointer du doigt des groupes minoritaires, tels que les migrants. Selon cette \u00e9tude, 75% des Polonais, surtout des jeunes, sont contre l\u2019installation de migrants chez eux. La Commission europ\u00e9enne compte mobiliser des moyens pour contrer ces discours et diffuser plus d\u2019informations sur la r\u00e9alit\u00e9 de la situation des migrants et d\u2019autres personnes discrimin\u00e9es.<\/p>\n\n\n\n<p><strong>D\u00e9confinement en France<\/strong><\/p>\n\n\n\n<p>Plusieurs pays europ\u00e9ens commencent \u00e0 d\u00e9confiner. Voyons ce qui se passe en France. D\u2019apr\u00e8s l\u2019Obs, l\u2019ouverture des commerces est annonc\u00e9e, celles des cr\u00e8ches, par groupe de 10 enfants, puis suivront les classes maternelles et \u00e9l\u00e9mentaires sur la base du volontariat. Pour les coll\u00e8ges et les lyc\u00e9es ce sera \u00e0 partir du 18 mai, en limitant \u00e0 15 le nombre d\u2019\u00e9l\u00e8ves par classe, le tout avec des masques et la distanciation. Les directeurs d\u2019\u00e9cole sont d\u00e9sorient\u00e9s. Ils<br>ne savent plus comment s\u2019organiser pour appliquer de telles mesures. Ils affirment que c\u2019est un casse-t\u00eate, en Belgique aussi. On entend leurs protestations \u00e0 la t\u00e9l\u00e9.<\/p>\n\n\n\n<p>La France veut assurer la fourniture suffisante de masques, 100 000 tests par jour et le tra\u00e7age des malades ; moyens pour limiter la transmission.<\/p>\n\n\n\n<p>Les d\u00e9placements \u00e0 plus de 100 km sont interdits et les rassemblements de plus de 10 personnes. Il faudra attendre le 2 juin pour voir s\u2019il y aura des changements.<\/p>\n\n\n\n<p>D\u2019autres pays prennent des mesures semblables.<\/p>\n\n\n\n<p>Pour certains, le d\u00e9confinement attendra. Les autorit\u00e9s ne veulent pas prendre le risque de se pr\u00e9cipiter, ni de laisser l\u2019\u00e9conomique primer sur l\u2019humain.<\/p>\n\n\n\n<p>La pand\u00e9mie continue de s\u00e9vir partout.<\/p>\n\n\n\n<p>Au Liban, malgr\u00e9 les restrictions, les manifestants sont de nouveau descendus dans la rue. C\u2019est la suite du mouvement social, qui a soulev\u00e9 le pays depuis octobre 2019. Les jours pr\u00e9c\u00e9dents, ils ont d\u00e9fil\u00e9 en voiture. Des incidents violents ont eu lieu dans le nord du pays, \u00e0 Tripoli. L\u2019arm\u00e9e a d\u00fb disperser les manifestants de fa\u00e7on muscl\u00e9e. R\u00e9sultats : plusieurs bless\u00e9s et un mort. Aujourd\u2019hui, des rassemblements nocturnes ont lieu \u00e0 travers le pays. La population est exc\u00e9d\u00e9e. La plupart des gens n\u2019ont pas de travail et ceux qui en ont un ne gagnent pas assez pour nourrir leur famille. \u00ab C\u2019est la r\u00e9volution de la faim ! \u00bb clament les manifestants. La d\u00e9valuation de la livre libanaise est galopante : de 1500 LL pour un $ en septembre 2019, elle est pass\u00e9e \u00e0 4000 LLxvii. Tous les prix ont augment\u00e9 et les familles ne s\u2019en sortent plus. Elles tombent dans la pauvret\u00e9, sans pouvoir compter sur aucune aide.<\/p>\n\n\n\n<p>Les Chiliens sont aussi descendus dans la rue\u2026 dans d\u2019autres pays aussi, comme l\u2019Irak et l\u2019Alg\u00e9rie.<\/p>\n\n\n\n<p>Je voudrais citer l\u2019\u00e9ditorial de Beatrice Delvaux dans Le Soir d\u2019aujourd\u2019hui : \u00ab Des discours confus mais aussi hypocrites, un retard peu compr\u00e9hensible dans la concr\u00e9tisation des objectifs, depuis des semaines, voire une incapacit\u00e9 \u00e0 passer \u00e0 l\u2019acte, donnent une impression de chaos \u00bb. Elle poursuit : \u00ab L\u2019impuissance du politique dans cette crise est \u00e0 l\u2019\u00e9vidence li\u00e9e \u00e0 la nature du fl\u00e9au qui frappe nos pays et aux coupes budg\u00e9taires effectu\u00e9es au fil des ann\u00e9es.<br>Mais elle rejoint aussi la paralysie structurelle qui semble s\u2019\u00eatre empar\u00e9e de nos d\u00e9mocraties face aux d\u00e9fis pos\u00e9s par le climat, la migration ou les in\u00e9galit\u00e9s \u00bb.<\/p>\n","protected":false},"excerpt":{"rendered":"<p>Mardi 28 avril Changement de temps, aujourd\u2019hui vent et pluie ; c\u2019\u00e9tait n\u00e9cessaire apr\u00e8s cette longue p\u00e9riodes\u00e8che. Discours de haine Les autorit\u00e9s europ\u00e9ennes se pr\u00e9occupent de l\u2019augmentation de discours qui charrient la haine. Une \u00e9tude de la Commission europ\u00e9enne va analyser ces discours, leurs formes de diss\u00e9mination et leurs audiences.<span class=\"more-link\"><a href=\"https:\/\/radioalma.eu\/mulheres\/2020\/04\/28\/progression-de-la-pandemie-31\/\">Lire la suite<\/a><\/span><\/p>\n","protected":false},"author":110,"featured_media":2767,"comment_status":"open","ping_status":"open","sticky":false,"template":"","format":"standard","meta":{"_monsterinsights_skip_tracking":false,"_monsterinsights_sitenote_active":false,"_monsterinsights_sitenote_note":"","_monsterinsights_sitenote_category":0,"footnotes":""},"categories":[29],"tags":[31,32,33],"class_list":["entry","author-mulheres","post-2765","post","type-post","status-publish","format-standard","has-post-thumbnail","category-cronica","tag-confinement","tag-journal","tag-pandemie"],"aioseo_notices":[],"_links":{"self":[{"href":"https:\/\/radioalma.eu\/mulheres\/wp-json\/wp\/v2\/posts\/2765","targetHints":{"allow":["GET"]}}],"collection":[{"href":"https:\/\/radioalma.eu\/mulheres\/wp-json\/wp\/v2\/posts"}],"about":[{"href":"https:\/\/radioalma.eu\/mulheres\/wp-json\/wp\/v2\/types\/post"}],"author":[{"embeddable":true,"href":"https:\/\/radioalma.eu\/mulheres\/wp-json\/wp\/v2\/users\/110"}],"replies":[{"embeddable":true,"href":"https:\/\/radioalma.eu\/mulheres\/wp-json\/wp\/v2\/comments?post=2765"}],"version-history":[{"count":0,"href":"https:\/\/radioalma.eu\/mulheres\/wp-json\/wp\/v2\/posts\/2765\/revisions"}],"wp:featuredmedia":[{"embeddable":true,"href":"https:\/\/radioalma.eu\/mulheres\/wp-json\/wp\/v2\/media\/2767"}],"wp:attachment":[{"href":"https:\/\/radioalma.eu\/mulheres\/wp-json\/wp\/v2\/media?parent=2765"}],"wp:term":[{"taxonomy":"category","embeddable":true,"href":"https:\/\/radioalma.eu\/mulheres\/wp-json\/wp\/v2\/categories?post=2765"},{"taxonomy":"post_tag","embeddable":true,"href":"https:\/\/radioalma.eu\/mulheres\/wp-json\/wp\/v2\/tags?post=2765"}],"curies":[{"name":"wp","href":"https:\/\/api.w.org\/{rel}","templated":true}]}}