{"id":2794,"date":"2020-05-03T16:20:00","date_gmt":"2020-05-03T14:20:00","guid":{"rendered":"https:\/\/radioalma.eu\/mulheres\/?p=2794"},"modified":"2021-09-18T16:48:58","modified_gmt":"2021-09-18T14:48:58","slug":"progression-de-la-pandemie-36","status":"publish","type":"post","link":"https:\/\/radioalma.eu\/mulheres\/2020\/05\/03\/progression-de-la-pandemie-36\/","title":{"rendered":"Progression de la pand\u00e9mie (36)"},"content":{"rendered":"\n<p>Dimanche 3 mai<\/p>\n\n\n\n<p>Pendant ce confinement, on continue \u00e0 faire des d\u00e9couvertes. Ce matin, sur Arte un programme a pr\u00e9sent\u00e9 le mus\u00e9e James Turrell, situ\u00e9 au Nord-ouest de l\u2019Argentine \u00e0 Cuyo, dans la bodega Colom\u00e9 (province de Salta), une ferme qui poss\u00e8de une des plus vieilles vignes du pays. Pour arriver \u00e0 ce lieu, il faut parcourir monts et vaux, jusqu\u2019\u00e0 un coin<br>tranquille, entour\u00e9 de jardins. Tout autour aucune habitation en vue, de grandes collines \u00e0 perte de vue et de belles montagnes au fond, l\u00e0 se trouve un beau b\u00e2timent, d\u2019une architecture moderne consacr\u00e9 \u00e0 James Turrell. Ses \u0153uvres sont des installations avec des effets de lumi\u00e8re. Tant\u00f4t un cadre, tant\u00f4t un couloir qui s\u2019\u00e9tire \u00e0 l\u2019infini avec des couleurs et des lumi\u00e8res changeantes. Celui-ci d\u00e9bouche sur un escalier avec un espace lumineux, baign\u00e9 de lumi\u00e8re, dont on ne per\u00e7oit pas les limites. Etonnant !<\/p>\n\n\n\n<p>Le mus\u00e9e James Turrell a \u00e9t\u00e9 con\u00e7u par l&rsquo;artiste lui-m\u00eame, apr\u00e8s que Donald Hess, propri\u00e9taire de la bodega et de quelques \u0153uvres de Turell, lui a ouvert un mus\u00e9e consacr\u00e9 \u00e0 ses travaux. Il contient neuf installations lumineuses, dont un skyspace (Unseen Blue), des dessins et des travaux imprim\u00e9s.<\/p>\n\n\n\n<p><strong>Tristesse<\/strong><\/p>\n\n\n\n<p>J\u2019ai fait une petite marche toujours dans le m\u00eame parc pr\u00e8s de la maison, \u00e0 l\u2019heure du d\u00e9jeuner, il y a moins de monde. J\u2019ai crois\u00e9 un jeune, il avait une immense tristesse dans son regard. Je me suis demand\u00e9 quels probl\u00e8mes il pouvait avoir. On ne se rend pas compte du d\u00e9sarroi de certaines personnes. Cette tristesse pouvait exister, mais cette situation de confinement la renforce. La vie de tellement de personnes est boulevers\u00e9e. Elles se retrouvent, d\u2019un jour \u00e0 l\u2019autre sans occupation, sans aucun moyen de subsistance. Les relations affectives en sont boulevers\u00e9es et l\u2019isolement est renforc\u00e9.<\/p>\n\n\n\n<p>Pourtant, la vie continue !<\/p>\n","protected":false},"excerpt":{"rendered":"<p>Dimanche 3 mai Pendant ce confinement, on continue \u00e0 faire des d\u00e9couvertes. Ce matin, sur Arte un programme a pr\u00e9sent\u00e9 le mus\u00e9e James Turrell, situ\u00e9 au Nord-ouest de l\u2019Argentine \u00e0 Cuyo, dans la bodega Colom\u00e9 (province de Salta), une ferme qui poss\u00e8de une des plus vieilles vignes du pays. Pour<span class=\"more-link\"><a href=\"https:\/\/radioalma.eu\/mulheres\/2020\/05\/03\/progression-de-la-pandemie-36\/\">Lire la suite<\/a><\/span><\/p>\n","protected":false},"author":110,"featured_media":2795,"comment_status":"open","ping_status":"open","sticky":false,"template":"","format":"standard","meta":{"_monsterinsights_skip_tracking":false,"_monsterinsights_sitenote_active":false,"_monsterinsights_sitenote_note":"","_monsterinsights_sitenote_category":0,"footnotes":""},"categories":[29],"tags":[31,32,33],"class_list":["entry","author-mulheres","post-2794","post","type-post","status-publish","format-standard","has-post-thumbnail","category-cronica","tag-confinement","tag-journal","tag-pandemie"],"aioseo_notices":[],"_links":{"self":[{"href":"https:\/\/radioalma.eu\/mulheres\/wp-json\/wp\/v2\/posts\/2794","targetHints":{"allow":["GET"]}}],"collection":[{"href":"https:\/\/radioalma.eu\/mulheres\/wp-json\/wp\/v2\/posts"}],"about":[{"href":"https:\/\/radioalma.eu\/mulheres\/wp-json\/wp\/v2\/types\/post"}],"author":[{"embeddable":true,"href":"https:\/\/radioalma.eu\/mulheres\/wp-json\/wp\/v2\/users\/110"}],"replies":[{"embeddable":true,"href":"https:\/\/radioalma.eu\/mulheres\/wp-json\/wp\/v2\/comments?post=2794"}],"version-history":[{"count":0,"href":"https:\/\/radioalma.eu\/mulheres\/wp-json\/wp\/v2\/posts\/2794\/revisions"}],"wp:featuredmedia":[{"embeddable":true,"href":"https:\/\/radioalma.eu\/mulheres\/wp-json\/wp\/v2\/media\/2795"}],"wp:attachment":[{"href":"https:\/\/radioalma.eu\/mulheres\/wp-json\/wp\/v2\/media?parent=2794"}],"wp:term":[{"taxonomy":"category","embeddable":true,"href":"https:\/\/radioalma.eu\/mulheres\/wp-json\/wp\/v2\/categories?post=2794"},{"taxonomy":"post_tag","embeddable":true,"href":"https:\/\/radioalma.eu\/mulheres\/wp-json\/wp\/v2\/tags?post=2794"}],"curies":[{"name":"wp","href":"https:\/\/api.w.org\/{rel}","templated":true}]}}