{"id":2877,"date":"2020-05-14T10:52:00","date_gmt":"2020-05-14T08:52:00","guid":{"rendered":"https:\/\/radioalma.eu\/mulheres\/?p=2877"},"modified":"2021-10-18T08:32:14","modified_gmt":"2021-10-18T06:32:14","slug":"ii-un-deconfinement-progressif-9","status":"publish","type":"post","link":"https:\/\/radioalma.eu\/mulheres\/2020\/05\/14\/ii-un-deconfinement-progressif-9\/","title":{"rendered":"II- Un D\u00e9confinement Progressif (9)"},"content":{"rendered":"\n<p>Jeudi 14 mai<\/p>\n\n\n\n<p><br><strong>En Italie : la col\u00e8re des maires<\/strong><\/p>\n\n\n\n<p>Les maires sont en col\u00e8re. Ils sont exc\u00e9d\u00e9s par les incivilit\u00e9s et les mauvais comportements.<br>En Lombardie, tr\u00e8s touch\u00e9e par le virus, les rassemblements sont interdits. Les gendarmes<br>doivent d\u00e9loger les groupes qui se forment et obliger les gens \u00e0 circuler.<\/p>\n\n\n\n<p>Un autre maire appelle \u00e0 la d\u00e9lation de ces attitudes. Il demande que ce soit rapport\u00e9 sur le<br>site de la mairie. Quelques mairies ont m\u00eame mis en place une app (one safe). On peut y<br>mettre des photos. Avec la localisation des incidents la police municipale peut se rendre sur<br>place. Ce sont surtout des rassemblements pour jouer au foot. L\u2019amende est lourde 400 \u20ac.<\/p>\n\n\n\n<p>Certaines personnes d\u00e9noncent ceux qui se rendent dans leur r\u00e9sidence secondaire, les<br>d\u00e9placements \u00e9tant limit\u00e9s. A Streza par exemple l\u2019amende peut aller de 400 \u00e0 3000 \u20ac. M\u00eame<br>si le travail a repris, les personnes doivent justifier leurs d\u00e9placements en remplissant une<br>attestation de d\u00e9placement. Les d\u00e9clarations sont v\u00e9rifi\u00e9es par la police aupr\u00e8s des entreprises<br>ou des h\u00f4pitaux. Il y a peu de fausses d\u00e9clarations.<\/p>\n\n\n\n<p>C\u2019est un climat de surveillance, jug\u00e9 absurde par certains. Aucune ville n\u2019a \u00e9t\u00e9 \u00e9pargn\u00e9e par<br>les d\u00e9nonciations.<\/p>\n\n\n\n<p>La France pense cr\u00e9er aussi un syst\u00e8me de surveillance. Les autorit\u00e9s discutent de<br>l\u2019installation d\u2019une app, qui permettrait de suivre les d\u00e9placements des personnes. En cas de<br>contamination, on pourrait remonter la fili\u00e8re. Elle pourrait aussi surveiller le respect des<br>distances, en cas d\u2019infraction la personne est avis\u00e9e.<\/p>\n\n\n\n<p>Ce logiciel, dont l\u2019installation est volontaire, suscite beaucoup de pol\u00e9mique. Le \u00ab big<br>brother \u00bb qui surveille, n\u2019est pas bienvenue.<\/p>\n\n\n\n<!--nextpage-->\n\n\n\n<p><strong>Approvisionnement en masques et m\u00e9dicaments<\/strong><\/p>\n\n\n\n<p>L\u2019usine de Plantel, en France, produisait 200 millions de masques environ par an. Avec<br>l\u2019apparition de la grippe aviaire, l\u2019Etat avait sign\u00e9 des contrats pour la livraison de masques et<br>la production a connu un boum. L\u2019entreprise \u00e9tait devenue le num\u00e9ro un mondial pour<br>certains mod\u00e8les de masques. Brutalement, les commandes ont cess\u00e9, les masques n\u2019ayant pas<br>\u00e9t\u00e9 utilis\u00e9s, on ne voulait pas les stocker. L\u2019usine en difficult\u00e9, est rachet\u00e9e par Honeywell, il<br>la reconvertit vers une autre production. Il y a deux ans, les machines ont \u00e9t\u00e9 d\u00e9coup\u00e9es pour<br>ne pas \u00eatre r\u00e9utilis\u00e9es. \u00ab C\u2019est un g\u00e2chis, dit une ancienne employ\u00e9e, qui y a travaill\u00e9 pendant<br>43 ans, la fin a \u00e9t\u00e9 tr\u00e8s dure \u00bb.<\/p>\n\n\n\n<figure class=\"wp-block-image size-full\"><img fetchpriority=\"high\" decoding=\"async\" width=\"1004\" height=\"669\" src=\"https:\/\/radioalma.eu\/mulheres\/files\/2020\/05\/B9724366810Z.1_20200824193655_000G4VGH7PVT.2-0.jpg\" alt=\"\" class=\"wp-image-2880\" srcset=\"https:\/\/radioalma.eu\/mulheres\/files\/2020\/05\/B9724366810Z.1_20200824193655_000G4VGH7PVT.2-0.jpg 1004w, https:\/\/radioalma.eu\/mulheres\/files\/2020\/05\/B9724366810Z.1_20200824193655_000G4VGH7PVT.2-0-300x200.jpg 300w, https:\/\/radioalma.eu\/mulheres\/files\/2020\/05\/B9724366810Z.1_20200824193655_000G4VGH7PVT.2-0-768x512.jpg 768w, https:\/\/radioalma.eu\/mulheres\/files\/2020\/05\/B9724366810Z.1_20200824193655_000G4VGH7PVT.2-0-465x310.jpg 465w, https:\/\/radioalma.eu\/mulheres\/files\/2020\/05\/B9724366810Z.1_20200824193655_000G4VGH7PVT.2-0-695x463.jpg 695w\" sizes=\"(max-width: 1004px) 100vw, 1004px\" \/><\/figure>\n\n\n\n<p>Quand un ancien responsable de l\u2019usine voit la situation actuelle, il est d\u00e9sol\u00e9 et pense avec<br>quelques salari\u00e9s pouvoir relancer la production de masques.<\/p>\n\n\n\n<p>Ce ne sont pas seulement les masques qui manquent, il y a aussi p\u00e9nurie de<br>l\u2019approvisionnement en s\u00e9datifs, surtout le curare, pour la d\u00e9contraction musculaire, lors de<br>l\u2019intubation et le maintien dans le coma des personnes atteintes du covid. Au manque de<br>m\u00e9dicaments s\u2019ajoute au manque de lits en soins intensifs. Maintenant les laboratoires<br>envoient leurs produits dans de grands contenants et le personnel des h\u00f4pitaux doit faire les<br>dosages. Les h\u00f4pitaux sont en concurrence les uns avec les autres pour s\u2019approvisionner.<\/p>\n\n\n\n<p>Chaque patient en soins intensifs a besoin de nombreux m\u00e9dicaments par jour et seuls trois<br>sont produits en France. L\u2019usine Famar en fabrique une partie. Bien que le site soit en<br>liquidation, ils ont aujourd\u2019hui 5 \u00e0 6 formules, alors qu\u2019ils pourraient produite plus de 60. Ils<br>sont en sous-capacit\u00e9 de production. \u00ab C\u2019est une d\u00e9perdition \u00bb dit un responsable. L\u2019usine<br>produisait aussi la nivaquine, base de la chloroquinine. Finalement, le site a \u00e9t\u00e9 mis en vente.<\/p>\n\n\n\n<p>La p\u00e9nurie en temps de covid a chang\u00e9 la donne. Le gouvernement a cherch\u00e9 un repreneur.<br>Trois candidats se sont pr\u00e9sent\u00e9s. En attendant, un responsable de l\u2019usine en appelle \u00e0 la<br>responsabilit\u00e9 de l\u2019Etat pour remplir le carnet de commandes.<\/p>\n\n\n\n<p>40% des usines en France ont ferm\u00e9 ces derni\u00e8res d\u00e9cennies. Certaines incluent la fabrication<br>de mati\u00e8res actives pour les m\u00e9dicaments. Parfois, il faut importer la mati\u00e8re active et<br>fabriquer ici. C\u2019est le cas pour le mytazolan dont la mati\u00e8re active doit \u00eatre import\u00e9e d\u2019Inde.<br>Les g\u00e9n\u00e9riques ne sont plus fabriqu\u00e9s en Europe, parce qu\u2019ils ne rapportent pas assez.<br>Aujourd\u2019hui, on r\u00e9clame une s\u00e9curit\u00e9 dans l\u2019approvisionnement en produits pharmaceutiques<br>pour \u00e9viter les p\u00e9nuries, assez semblable \u00e0 la s\u00e9curit\u00e9 existante dans le domaine alimentaire.<br>La pand\u00e9mie change la donne.<\/p>\n\n\n\n<p>Le <strong>plastique<\/strong> sort grand gagnant de cette crise. Les industriels prennent leur revanche sur<br>l\u2019interdiction faite aux caisses des supermarch\u00e9s de fournir des sacs en plastique. La part des<br>produits pr\u00e9-emball\u00e9s a augment\u00e9, pour contrer la peur du consommateur d\u2019\u00eatre contamin\u00e9.<\/p>\n\n\n\n<p>Il faut surtout tenir compte de la grande quantit\u00e9 de plastique, utilis\u00e9e par les h\u00f4pitaux pour<br>les habits de protection.<\/p>\n\n\n\n<p>Ce sera pour plus tard l\u2019application de la directive europ\u00e9enne qui interdit le plastique \u00e0 usage<br>unique, sauf celui \u00e0 des fins m\u00e9dicales. Le monde continuera \u00e0 se transformer en une grande<br>poubelle de plastique !<\/p>\n","protected":false},"excerpt":{"rendered":"<p>Jeudi 14 mai En Italie : la col\u00e8re des maires Les maires sont en col\u00e8re. Ils sont exc\u00e9d\u00e9s par les incivilit\u00e9s et les mauvais comportements.En Lombardie, tr\u00e8s touch\u00e9e par le virus, les rassemblements sont interdits. Les gendarmesdoivent d\u00e9loger les groupes qui se forment et obliger les gens \u00e0 circuler. Un<span class=\"more-link\"><a href=\"https:\/\/radioalma.eu\/mulheres\/2020\/05\/14\/ii-un-deconfinement-progressif-9\/\">Lire la suite<\/a><\/span><\/p>\n","protected":false},"author":110,"featured_media":2881,"comment_status":"open","ping_status":"open","sticky":false,"template":"","format":"standard","meta":{"_monsterinsights_skip_tracking":false,"_monsterinsights_sitenote_active":false,"_monsterinsights_sitenote_note":"","_monsterinsights_sitenote_category":0,"footnotes":""},"categories":[29],"tags":[37,32,33],"class_list":["entry","author-mulheres","has-pages","post-2877","post","type-post","status-publish","format-standard","has-post-thumbnail","category-cronica","tag-deconfinement","tag-journal","tag-pandemie"],"aioseo_notices":[],"_links":{"self":[{"href":"https:\/\/radioalma.eu\/mulheres\/wp-json\/wp\/v2\/posts\/2877","targetHints":{"allow":["GET"]}}],"collection":[{"href":"https:\/\/radioalma.eu\/mulheres\/wp-json\/wp\/v2\/posts"}],"about":[{"href":"https:\/\/radioalma.eu\/mulheres\/wp-json\/wp\/v2\/types\/post"}],"author":[{"embeddable":true,"href":"https:\/\/radioalma.eu\/mulheres\/wp-json\/wp\/v2\/users\/110"}],"replies":[{"embeddable":true,"href":"https:\/\/radioalma.eu\/mulheres\/wp-json\/wp\/v2\/comments?post=2877"}],"version-history":[{"count":0,"href":"https:\/\/radioalma.eu\/mulheres\/wp-json\/wp\/v2\/posts\/2877\/revisions"}],"wp:featuredmedia":[{"embeddable":true,"href":"https:\/\/radioalma.eu\/mulheres\/wp-json\/wp\/v2\/media\/2881"}],"wp:attachment":[{"href":"https:\/\/radioalma.eu\/mulheres\/wp-json\/wp\/v2\/media?parent=2877"}],"wp:term":[{"taxonomy":"category","embeddable":true,"href":"https:\/\/radioalma.eu\/mulheres\/wp-json\/wp\/v2\/categories?post=2877"},{"taxonomy":"post_tag","embeddable":true,"href":"https:\/\/radioalma.eu\/mulheres\/wp-json\/wp\/v2\/tags?post=2877"}],"curies":[{"name":"wp","href":"https:\/\/api.w.org\/{rel}","templated":true}]}}