{"id":3065,"date":"2020-06-24T11:08:00","date_gmt":"2020-06-24T09:08:00","guid":{"rendered":"https:\/\/radioalma.eu\/mulheres\/?p=3065"},"modified":"2021-11-26T14:30:05","modified_gmt":"2021-11-26T13:30:05","slug":"iii-on-reconfine-1","status":"publish","type":"post","link":"https:\/\/radioalma.eu\/mulheres\/2020\/06\/24\/iii-on-reconfine-1\/","title":{"rendered":"III-ON RECONFINE (1)"},"content":{"rendered":"\n<p>Mercredi 24 juin<\/p>\n\n\n\n<p>Mauvaises nouvelles : le covid reprend dans certaines r\u00e9gions de l\u2019Europe.<\/p>\n\n\n\n<p>Les Allemands, pris en exemple par leurs voisins, sont-t-ils all\u00e9s trop vite dans le d\u00e9confinement. Deux grands arrondissements de la Rh\u00e9nanie du nord retournent au confinement. C\u2019est une explosion du nombre de cas dans les abattoirs Tonnies de Gutersloh, un des plus grands du pays, qui emploient 7000 personnes. Ils seraient apparus dans les dortoirs de travailleurs en provenance de Bulgarie et de Roumanie. Avec 1600 cas d\u2019infections, toutes les personnes ont \u00e9t\u00e9 mises en quarantaine.<\/p>\n\n\n\n<p>A Lisbonne, le confinement est r\u00e9tabli au risque de mettre en cause la saison touristique qui commence. Certains pays ont d\u00e9j\u00e0 mis des restrictions aux voyages depuis une semaine. Les autorit\u00e9s portugaises ont reconnu leur difficult\u00e9 \u00e0 enrayer les foyers d\u2019infection. Le Portugal, moins durement frapp\u00e9 que l\u2019Espagne, ne comptait que 1.540 morts et 40.000 personnes contamin\u00e9es.<\/p>\n\n\n\n<p>En parall\u00e8le, 26 pays surtout de l\u2019Union europ\u00e9enne, ont ouvert leurs fronti\u00e8res aux belges, consid\u00e9r\u00e9s avant comme ind\u00e9sirables \u00e0 cause de la forte pouss\u00e9e du virus en Belgique et du nombre \u00e9lev\u00e9 de morts. En plus des zones class\u00e9es rouges ou vertes en fonction du degr\u00e9 de contamination, apparaissent les zones orange, comme Chypre, la Croatie, la Gr\u00e8ce, la Lettonie\u2026 qui imposent des restrictions aux belges. Seuls 5 pays sont rouges et les Belges n\u2019y sont pas les bienvenus.<\/p>\n\n\n\n<p>Avec toutes ces couleurs qui ne cessent de changer sur la carte, pas facile de se retrouver !<\/p>\n\n\n\n<p><strong>Le covid profite \u00e0 certains<\/strong><\/p>\n\n\n\n<p><strong>En Australie : un g\u00e9ant minier obtient le feu vert pour la destruction d&rsquo;une quarantaine<br>de sites aborig\u00e8nes<\/strong><\/p>\n\n\n\n<p>Une chose est s\u00fbre, si certains croyaient que la crise sanitaire du covid allait bouleverser les mentalit\u00e9s au point de nous faire songer \u00e0 nous tourner vers un monde davantage \u00e9coresponsable, force est de constater que leurs espoirs ont vite \u00e9t\u00e9 douch\u00e9s.<\/p>\n\n\n\n<p>Le patrimoine des aborig\u00e8nes s\u2019appr\u00eate une nouvelle fois \u00e0 faire les frais de la loi du profit, en Australie. Le g\u00e9ant minier australien BHP, sp\u00e9cialis\u00e9 dans l\u2019extraction du fer, a \u00e9t\u00e9 autoris\u00e9 \u00e0 d\u00e9truire jusqu\u2019\u00e0 40 sites chers aux autochtones australiens, au m\u00e9pris du respect de terres ancestrales, v\u00e9n\u00e9r\u00e9es depuis des si\u00e8cles par tout un peuple.<\/p>\n\n\n\n<p>En pleine pand\u00e9mie, alors qu\u2019on argumente sur la protection de la nature, <strong>un pan du patrimoine culturel et territorial des aborig\u00e8nes est sacrifi\u00e9 sur l&rsquo;autel du profit.<\/strong><\/p>\n\n\n\n<p>D\u00e9livr\u00e9e par le gouvernement d\u2019Australie-Occidentale, cette autorisation intervient quelques jours seulement apr\u00e8s le dynamitage, par la firme Rio Tinto (autre groupe minier important d\u2019Australie), des grottes aborig\u00e8nes sacr\u00e9es, qui renfermaient des tr\u00e9sors arch\u00e9ologiques datant de plus de 40 000 ans.<\/p>\n\n\n\n<p>Il faut noter que le minerai de fer est le minerai le plus export\u00e9 d\u2019Australie et a rapport\u00e9 pr\u00e8s de 50 milliards d\u2019euros en 2019.<\/p>\n\n\n\n<p>Des pratiques qui ont r\u00e9volt\u00e9 bon nombre d\u2019aborig\u00e8nes, meurtris par la destruction de leur culture et de leur histoire li.<\/p>\n\n\n\n<p>Aussi curieux que cela puisse para\u00eetre, il faut savoir que les repr\u00e9sentants des Banjima, ce peuple qui habite cette contr\u00e9e, avaient donn\u00e9 leur accord pour exploiter la zone en 2015. L\u2019accord promettait en \u00e9change de prot\u00e9ger 72 sites appartenant au patrimoine culturel et territorial des aborig\u00e8nes. Avec ce nouvel accord ce sont de nouveau des minorit\u00e9s perdantes, sans protection !<\/p>\n\n\n\n<!--nextpage-->\n\n\n\n<p><strong>Et les enfants ?<\/strong><\/p>\n\n\n\n<p>Dans une des \u00e9coles la maitresse a pos\u00e9 cette question \u00e0 des enfants de 11\/12 ans : \u00ab Comment imaginent-ils le monde d\u2019apr\u00e8s ? De quoi r\u00eavent-ils ? \u00bb .lii Chaque \u00e9l\u00e8ve est invit\u00e9 \u00e0 \u00e9crire ou \u00e0 dessiner ce qui lui vient \u00e0 l\u2019esprit.<\/p>\n\n\n\n<p>Un bon exercice pour que ces enfants se d\u00e9chargent de leurs angoisses et de l\u2019\u00e9tat d\u2019\u00e9ventuelle anxi\u00e9t\u00e9 qu\u2019ils ont v\u00e9cu pendant le confinement. Surtout de la s\u00e9paration de leurs amis et d\u2019une partie de leur famille, comme les grands parents.<\/p>\n\n\n\n<p>Certains ont m\u00eame fait une bande dessin\u00e9e. Ils reproduisent un \u00e9tat de libert\u00e9 avec des enfants qui courent dans les champs.<\/p>\n\n\n\n<div class=\"wp-block-image\"><figure class=\"alignleft size-full\"><img fetchpriority=\"high\" decoding=\"async\" width=\"605\" height=\"359\" src=\"https:\/\/radioalma.eu\/mulheres\/files\/2021\/11\/petitefilledessine_l.jpg\" alt=\"\" class=\"wp-image-3073\" srcset=\"https:\/\/radioalma.eu\/mulheres\/files\/2021\/11\/petitefilledessine_l.jpg 605w, https:\/\/radioalma.eu\/mulheres\/files\/2021\/11\/petitefilledessine_l-300x178.jpg 300w, https:\/\/radioalma.eu\/mulheres\/files\/2021\/11\/petitefilledessine_l-465x276.jpg 465w\" sizes=\"(max-width: 605px) 100vw, 605px\" \/><\/figure><\/div>\n\n\n\n<p>Des filles ont imagin\u00e9 un monde avec plus de libert\u00e9 ou les animaux circulent. Ils disent : \u00ab On voulait dire : si les humains laissaient les animaux tranquilles \u00bb. Ils veulent que les animaux puissent eux aussi vivre leur vie. Ils ont vu que pendant le confinement les animaux \u00e9taient plus nombreux et qu\u2019on voyait certains qui d\u2019habitude n\u2019apparaissent pas.<\/p>\n\n\n\n<p>Ces dessins d\u2019enfants c\u00e9l\u00e8brent le retour \u00e0 la vie normale : f\u00eates, pique-nique dans les parcs, \u00e9cole de danse ou sport\u2026 Ils dessinent aussi le personnel des h\u00f4pitaux, un cimeti\u00e8re avec de petites croix, bref ce dont ils ont entendu parler pendant le confinement, quand les \u00e9coles \u00e9taient ferm\u00e9es.<\/p>\n\n\n\n<p>Une petite fille dessine une histoire sous forme de bande dessin\u00e9e. Elle repr\u00e9sente unanniversaire avec des ballons partout. Puis, la fillette est surprise de recevoir un masque, puisqu\u2019elle n\u2019en a plus besoin. On lui dit : \u00ab C\u2019est un d\u00e9guisement de chirurgien \u00bb. Elle veut que le virus ne soit plus qu\u2019un lointain souvenir. A la fin la fillette part de la f\u00eate et se demande pourquoi elle est rest\u00e9e \u00e0 1,5 m de distance.<\/p>\n\n\n\n<p>Je suis pass\u00e9e devant l\u2019\u00e9cole du parvis \u00e0 St Gilles. Ils avaient fait ce m\u00eame exercice avec les enfants, pas avec des dessins, seulement des paroles. Les enfants ont \u00e9crit ce qu\u2019ils ont regrett\u00e9 le plus et ce qu\u2019ils ont aim\u00e9 pendant le confinement.<\/p>\n\n\n\n<p>Les phrases sont affich\u00e9es sur les vitres de l\u2019\u00e9cole du c\u00f4t\u00e9 ext\u00e9rieur en grosses lettres, pour que tout le monde puisse les lire.<\/p>\n\n\n\n<p>Tous les enfants ont \u00e9t\u00e9 impressionn\u00e9s par les effets de la pand\u00e9mie, les morts, le sacrifice du personnel soignant, la distanciation\u2026ce mode de vie anormal qu\u2019ils ne pouvaient expliquer.<\/p>\n\n\n\n<p>Ce dont ils ont profit\u00e9 : d\u2019\u00eatre avec les parents bien qu\u2019ils les d\u00e9rangeaient dans leur t\u00e9l\u00e9travail, d\u2019\u00eatre avec les fr\u00e8res et s\u0153urs. Ils ont aim\u00e9 les promenades et les jeux dans les parcs, la play station, m\u00eame la mani\u00e8re dont ils faisaient le travail donn\u00e9 par l\u2019\u00e9cole.<\/p>\n\n\n\n<p>Ce qui leur a le plus manqu\u00e9 : les copains, les jeux dans la cour, les lapins de l\u2019\u00e9cole (on dirait qu\u2019ils en ont dans cette \u00e9cole), la maitresse, m\u00eame les exercices et le travail\u2026 bref \u00eatre ensemble c\u2019est surtout \u00e7a qu\u2019ils ont ressenti comme important pour eux.<\/p>\n\n\n\n<p>Je me suis arr\u00eat\u00e9e un moment pour lire ces affiches carr\u00e9es ou rectangulaires \u00e9crites \u00e0 notre intention pour \u00eatre lues de la rue. Mais peu de personnes se sont arr\u00eat\u00e9es, pendant que je lisais. Les gens qui passaient avaient les yeux riv\u00e9s devant eux. Ils n\u2019ont peut-\u00eatre m\u00eame pas remarqu\u00e9 ces affiches, o\u00f9 se trouve consign\u00e9 ce que tous ces petits voulaient nous transmettre en phrases simples et suggestives.<\/p>\n\n\n\n<p>Les enfants oublient vite, les adultes sont l\u00e0 pour leur rappeler que le virus est malheureusement toujours l\u00e0.<\/p>\n\n\n\n<!--nextpage-->\n\n\n\n<p><strong>Que font les fondations ?<\/strong><\/p>\n\n\n\n<p>Des scientifiques europ\u00e9ens au nombre de 76 lancent un appel pour financer la cr\u00e9ation d\u2019une fondation sur le mod\u00e8le de celle de Bill Gates afin d\u2019intervenir dans la crise sanitaire. L\u2019Europe aurait-elle pu agir autrement ? Les fondations ont un temps de r\u00e9action beaucoup plus court que les Etats et n\u2019ont pas trop de proc\u00e9dures \u00e0 respecter. Elles sont autonomes, ne sont pas conditionn\u00e9es par des forces politiques et peuvent intervenir le plus vite possible.<br>Aux Etats-Unis leur existence est bien ancr\u00e9e. C\u2019est une mani\u00e8re pour les riches de compenser par des dons le manque de financement public, d\u2019autant plus qu\u2019ils sont exempt\u00e9s d\u2019imp\u00f4ts. Mais en Europe les Etats jouent un r\u00f4le trop central. La philanthropie reste peu d\u00e9velopp\u00e9e.<\/p>\n\n\n\n<p>Faut-il voir dans cet appel un moyen pour faire face \u00e0 la crise sur le mod\u00e8le lib\u00e9ral am\u00e9ricain ? L\u2019id\u00e9e n\u2019est pas que les fondations se substituent \u00e0 l\u2019Etat, mais qu\u2019elles soient compl\u00e9mentaires, explique un des professeurs signataires : \u00ab Les Etats ont la responsabilit\u00e9 premi\u00e8re de la s\u00e9curit\u00e9 de leur population et ont la charge d\u2019assurer la justice fiscale, qui est<br>essentielle \u00e0 la coh\u00e9sion sociale \u00bb liii.<\/p>\n\n\n\n<div class=\"wp-block-image\"><figure class=\"alignleft size-full\"><img decoding=\"async\" width=\"521\" height=\"293\" src=\"https:\/\/radioalma.eu\/mulheres\/files\/2020\/06\/covid_appel_aux_dons.png\" alt=\"\" class=\"wp-image-3074\" srcset=\"https:\/\/radioalma.eu\/mulheres\/files\/2020\/06\/covid_appel_aux_dons.png 521w, https:\/\/radioalma.eu\/mulheres\/files\/2020\/06\/covid_appel_aux_dons-300x169.png 300w, https:\/\/radioalma.eu\/mulheres\/files\/2020\/06\/covid_appel_aux_dons-465x262.png 465w\" sizes=\"(max-width: 521px) 100vw, 521px\" \/><\/figure><\/div>\n\n\n\n<p>Si la bureaucratie des Etats ou celle des institutions europ\u00e9ennes peuvent retarder l\u2019action, on pourrait y rem\u00e9dier en recourant aux fondations priv\u00e9es. Mais il ne faut pas en d\u00e9pendre ; ni jamais compter uniquement sur elles. Elles occuperaient la place du secteur public et auraient trop de pouvoir comme la Fondation Gates. Elles risqueraient de dicter leurs choix et leurs orientations.<\/p>\n\n\n\n<p>A l\u2019heure o\u00f9 la Chine et les Etats-Unis s\u2019affrontent en tentant d\u2019imposer des doctrines politiques et sociales respectives, il d\u00e9pend de nous de pr\u00e9server le socle de solidarit\u00e9 sociale qui incombe \u00e0 la d\u00e9mocratie. Comme on l\u2019a d\u00e9j\u00e0 dit, par temps de crise, les in\u00e9galit\u00e9s s\u2019aggravent, les plus d\u00e9munis sont les plus touch\u00e9s. Les Etats doivent assumer leurs responsabilit\u00e9s, ainsi que l\u2019Union europ\u00e9enne qui doit se doter d\u2019une capacit\u00e9 renforc\u00e9e de gestion de la crise. Ils doivent intervenir aupr\u00e8s des populations frapp\u00e9es le plus durement par la crise sanitaire, marque d\u2019un grand effort de solidarit\u00e9.<\/p>\n\n\n\n<!--nextpage-->\n\n\n\n<p>Pendant que les mesures de d\u00e9confinement sont introduites, de <strong>nombreux d\u00e9rapages ont lieu<\/strong>. Il s\u2019agit surtout de rassemblements conviviaux, avec beaucoup trop de monde. Ce sont les bourgmestres qui sont charg\u00e9s d\u2019appliquer les r\u00e8gles. Ils ne sont pas contents de ce r\u00f4le qu\u2019on leur a attribu\u00e9.<\/p>\n\n\n\n<p>Les jeunes ont une envie irr\u00e9pressible de se d\u00e9fouler. Des temp\u00e9ratures estivales les invitent \u00e0 prendre \u00e0 prendre l\u2019air. Ils se rassemblement pour boire un verre, faire du sport, bavarder\u2026Ils ne se sont pas laiss\u00e9 enfermer. Ils \u00e9taient dans la rue, dans les parcs, sur les places, bref dans les lieux les plus accueillants. Ils ont envie de faire la f\u00eate avec l\u2019approche de l\u2019\u00e9t\u00e9.<\/p>\n\n\n\n<p>Les autorit\u00e9s ont rappel\u00e9 \u00e0 l\u2019ordre les jeunes qui se rassemblent, par exemple, \u00e0 Ixelles. Mais Place Morichar c\u2019est tous les soirs que des centaines de jeunes, plut\u00f4t des ados, se retrouvent. Ils n\u2019ont jamais \u00e9t\u00e9 rappel\u00e9s \u00e0 l\u2019ordre. Il y a quelques temps ils \u00e9taient encore plus nombreux, surtout avant l\u2019ouverture des caf\u00e9s.<\/p>\n\n\n\n<p>Les bourgmestres se plaignent. Ils sont en premi\u00e8re ligne pour maintenir l\u2019ordre et appliquer les r\u00e8gles sanitaires sur leur commune, sans avoir beaucoup de moyens. La police doit intervenir lors de ces rassemblements, comme \u00e0 Ixelles ou \u00e0 Anderlecht le week-end dernier. Les bourgmestres ont de la peine \u00e0 accepter cette imposition du Conseil national de s\u00e9curit\u00e9, qui renvoie la balle dans leur camp.<\/p>\n\n\n\n<p>A Li\u00e8ge, Willy Demeyer, le bourgmestre, dit qu\u2019il est discutable que cette t\u00e2che revienne exclusivement aux bourgmestres, d\u00e8s lors que les interdictions \u00e9manent du f\u00e9d\u00e9ral. Puis lecadre policier n\u2019est au complet en raison de coupes budg\u00e9taires f\u00e9d\u00e9rales. Pour cette raison il va solliciter l\u2019appui de la police f\u00e9d\u00e9rale pour cet \u00e9t\u00e9 pour le maintien de l\u2019ordre.<\/p>\n\n\n\n<p>Faire appel \u00e0 la police : est-ce la bonne solution ? Il faut savoir comment r\u00e9pondre aux besoins des jeunes. Dans le dialogue on peut trouver des r\u00e9ponses, que ne donne pas une r\u00e9pression inad\u00e9quate.<\/p>\n\n\n\n<p><strong>Une note plus sal\u00e9e dans les restos<\/strong><\/p>\n\n\n\n<p>Qui ne s\u2019est pas pr\u00e9cipit\u00e9 au resto apr\u00e8s le confinement ? Du moins ceux qui en avaient les moyens. Certains ont eu une d\u00e9sagr\u00e9able surprise. Ils ont d\u00fb payer avec leur note le co\u00fbt des mesures impos\u00e9es pour le covid.<\/p>\n\n\n\n<p>Dans un des restos le patron a rajout\u00e9 5 \u20ac pour les mesures sanitaires et a compt\u00e9 pour deux caf\u00e9s 9 \u20ac. C\u2019est beaucoup trop pour le client, qui se r\u00e9jouissait de ce retour au resto.<\/p>\n\n\n\n<p>L\u2019addition d\u2019un couple a m\u00eame circul\u00e9 sur les r\u00e9seaux sociaux. Il est vrai que le restaurateur peut fixer le prix. Mais il doit les afficher et ils doivent correspondre au service rendu. Ces clients sont tristes d\u2019avoir subi cette r\u00e9action de rattrapage sur les pertes subies pendant la fermeture. A long terme, cela ne joue pas en faveur des restaurateurs.<\/p>\n\n\n\n<div class=\"wp-block-image\"><figure class=\"alignleft size-full is-resized\"><img decoding=\"async\" src=\"https:\/\/radioalma.eu\/mulheres\/files\/2020\/06\/B9725598542Z.1_20201221110421_000GM7H9JBUE.1-0-e1637662866686.jpg\" alt=\"\" class=\"wp-image-3075\" width=\"552\" height=\"311\"\/><\/figure><\/div>\n\n\n\n<p><strong>Et la culture ?<\/strong><\/p>\n\n\n\n<p>Comme les th\u00e9\u00e2tres sont ferm\u00e9s, certains essaient d\u2019innover. C\u2019est ainsi que j\u2019ai lu dans le journal liv que le grand th\u00e9\u00e2tre, \u00e0 Barcelone, a donn\u00e9 son premier concert, apr\u00e8s trois mois de confinement. Depuis la sc\u00e8ne o\u00f9 joue un quatuor, les spectateurs ont \u00e9t\u00e9 remplac\u00e9s par des plantes, soit 2292 plantes install\u00e9es sur chaque fauteuil du parterre de l\u2019amphith\u00e9\u00e2tre et des trois \u00e9tages de balcons. Une id\u00e9e originale de l\u2018artiste Eugenio Ampudia. Il veut inviter l\u2019\u00eatre<br>humain \u00e0 r\u00e9fl\u00e9chir sur sa relation avec la nature. Tout est tr\u00e8s vert ! Ces plantes provenaient de serres locales et ont \u00e9t\u00e9 offertes apr\u00e8s le concert \u00e0 des professionnels de la sant\u00e9. Une tr\u00e8s belle intention !<\/p>\n\n\n\n<p>Serait-ce que le confinement a fait de nous des plantes en pot, en quelque sorte ? On a v\u00e9cu nous aussi enferm\u00e9s chez nous, en revanche, on s\u2019est plus occup\u00e9 de nos plantes, qui nous ont fait compagnie et on a la satisfaction de les voir s\u2019\u00e9panouir.<\/p>\n","protected":false},"excerpt":{"rendered":"<p>Mercredi 24 juin Mauvaises nouvelles : le covid reprend dans certaines r\u00e9gions de l\u2019Europe. Les Allemands, pris en exemple par leurs voisins, sont-t-ils all\u00e9s trop vite dans le d\u00e9confinement. Deux grands arrondissements de la Rh\u00e9nanie du nord retournent au confinement. C\u2019est une explosion du nombre de cas dans les abattoirs<span class=\"more-link\"><a href=\"https:\/\/radioalma.eu\/mulheres\/2020\/06\/24\/iii-on-reconfine-1\/\">Lire la suite<\/a><\/span><\/p>\n","protected":false},"author":110,"featured_media":3071,"comment_status":"open","ping_status":"open","sticky":false,"template":"","format":"standard","meta":{"_monsterinsights_skip_tracking":false,"_monsterinsights_sitenote_active":false,"_monsterinsights_sitenote_note":"","_monsterinsights_sitenote_category":0,"footnotes":""},"categories":[29],"tags":[32,33,38],"class_list":["entry","author-mulheres","has-pages","post-3065","post","type-post","status-publish","format-standard","has-post-thumbnail","category-cronica","tag-journal","tag-pandemie","tag-reconfinement"],"aioseo_notices":[],"_links":{"self":[{"href":"https:\/\/radioalma.eu\/mulheres\/wp-json\/wp\/v2\/posts\/3065","targetHints":{"allow":["GET"]}}],"collection":[{"href":"https:\/\/radioalma.eu\/mulheres\/wp-json\/wp\/v2\/posts"}],"about":[{"href":"https:\/\/radioalma.eu\/mulheres\/wp-json\/wp\/v2\/types\/post"}],"author":[{"embeddable":true,"href":"https:\/\/radioalma.eu\/mulheres\/wp-json\/wp\/v2\/users\/110"}],"replies":[{"embeddable":true,"href":"https:\/\/radioalma.eu\/mulheres\/wp-json\/wp\/v2\/comments?post=3065"}],"version-history":[{"count":0,"href":"https:\/\/radioalma.eu\/mulheres\/wp-json\/wp\/v2\/posts\/3065\/revisions"}],"wp:featuredmedia":[{"embeddable":true,"href":"https:\/\/radioalma.eu\/mulheres\/wp-json\/wp\/v2\/media\/3071"}],"wp:attachment":[{"href":"https:\/\/radioalma.eu\/mulheres\/wp-json\/wp\/v2\/media?parent=3065"}],"wp:term":[{"taxonomy":"category","embeddable":true,"href":"https:\/\/radioalma.eu\/mulheres\/wp-json\/wp\/v2\/categories?post=3065"},{"taxonomy":"post_tag","embeddable":true,"href":"https:\/\/radioalma.eu\/mulheres\/wp-json\/wp\/v2\/tags?post=3065"}],"curies":[{"name":"wp","href":"https:\/\/api.w.org\/{rel}","templated":true}]}}