{"id":3099,"date":"2020-07-04T14:31:00","date_gmt":"2020-07-04T12:31:00","guid":{"rendered":"https:\/\/radioalma.eu\/mulheres\/?p=3099"},"modified":"2021-11-26T14:40:05","modified_gmt":"2021-11-26T13:40:05","slug":"iii-on-reconfine-5","status":"publish","type":"post","link":"https:\/\/radioalma.eu\/mulheres\/2020\/07\/04\/iii-on-reconfine-5\/","title":{"rendered":"III-ON RECONFINE (5)"},"content":{"rendered":"\n<p>Samedi 4 juillet<\/p>\n\n\n\n<p>La crise du covid a donn\u00e9 un coup d\u2019acc\u00e9l\u00e9rateur au t\u00e9l\u00e9travail avec des b\u00e9n\u00e9fices environnementaux. Elle a favoris\u00e9 les circuits courts avec l\u2019achat de produits locaux. Dans son rapport annuel l\u2019Agence f\u00e9d\u00e9rale pour la s\u00e9curit\u00e9 alimentaire (AFSCA) a mis en avant un autre b\u00e9n\u00e9fice des mesures anti-covid : le renforcement de la s\u00e9curit\u00e9 alimentaire.<\/p>\n\n\n\n<p>Les producteurs et distributeurs ont \u00e9t\u00e9 sensibilis\u00e9s aux mesures d\u2019hygi\u00e8ne, y compris dans l\u2019horeca, quand ils ont red\u00e9marr\u00e9. M\u00eame s\u2019il n\u2019y a pas de donn\u00e9es scientifiques probantes les sp\u00e9cialistes pensent que les mesures d\u2019hygi\u00e8ne ont fait baisser la contamination par des bact\u00e9ries, surtout avec l\u2019hygi\u00e8ne des mains. Ainsi le staphylocoque qui peut passer \u00e0 travers la respiration est bloqu\u00e9 par les masques.<\/p>\n\n\n\n<p>Le fait que les personnes soient \u00e0 la maison et en famille les a conduits \u00e0 cuisiner avec des produits frais et en laissant moins de temps les produits dans le frigo. Les personnes ont aussi d\u00e9sinfect\u00e9 les sacs et les aliments en rentrant chez elles. Il faudrait que ces mesures perdurent au-del\u00e0 de la pand\u00e9mie avec les aspects b\u00e9n\u00e9fiques qu\u2019elles ont.<\/p>\n","protected":false},"excerpt":{"rendered":"<p>Samedi 4 juillet La crise du covid a donn\u00e9 un coup d\u2019acc\u00e9l\u00e9rateur au t\u00e9l\u00e9travail avec des b\u00e9n\u00e9fices environnementaux. Elle a favoris\u00e9 les circuits courts avec l\u2019achat de produits locaux. Dans son rapport annuel l\u2019Agence f\u00e9d\u00e9rale pour la s\u00e9curit\u00e9 alimentaire (AFSCA) a mis en avant un autre b\u00e9n\u00e9fice des mesures anti-covid<span class=\"more-link\"><a href=\"https:\/\/radioalma.eu\/mulheres\/2020\/07\/04\/iii-on-reconfine-5\/\">Lire la suite<\/a><\/span><\/p>\n","protected":false},"author":110,"featured_media":3100,"comment_status":"open","ping_status":"open","sticky":false,"template":"","format":"standard","meta":{"_monsterinsights_skip_tracking":false,"_monsterinsights_sitenote_active":false,"_monsterinsights_sitenote_note":"","_monsterinsights_sitenote_category":0,"footnotes":""},"categories":[29],"tags":[32,33,38],"class_list":["entry","author-mulheres","post-3099","post","type-post","status-publish","format-standard","has-post-thumbnail","category-cronica","tag-journal","tag-pandemie","tag-reconfinement"],"aioseo_notices":[],"_links":{"self":[{"href":"https:\/\/radioalma.eu\/mulheres\/wp-json\/wp\/v2\/posts\/3099","targetHints":{"allow":["GET"]}}],"collection":[{"href":"https:\/\/radioalma.eu\/mulheres\/wp-json\/wp\/v2\/posts"}],"about":[{"href":"https:\/\/radioalma.eu\/mulheres\/wp-json\/wp\/v2\/types\/post"}],"author":[{"embeddable":true,"href":"https:\/\/radioalma.eu\/mulheres\/wp-json\/wp\/v2\/users\/110"}],"replies":[{"embeddable":true,"href":"https:\/\/radioalma.eu\/mulheres\/wp-json\/wp\/v2\/comments?post=3099"}],"version-history":[{"count":0,"href":"https:\/\/radioalma.eu\/mulheres\/wp-json\/wp\/v2\/posts\/3099\/revisions"}],"wp:featuredmedia":[{"embeddable":true,"href":"https:\/\/radioalma.eu\/mulheres\/wp-json\/wp\/v2\/media\/3100"}],"wp:attachment":[{"href":"https:\/\/radioalma.eu\/mulheres\/wp-json\/wp\/v2\/media?parent=3099"}],"wp:term":[{"taxonomy":"category","embeddable":true,"href":"https:\/\/radioalma.eu\/mulheres\/wp-json\/wp\/v2\/categories?post=3099"},{"taxonomy":"post_tag","embeddable":true,"href":"https:\/\/radioalma.eu\/mulheres\/wp-json\/wp\/v2\/tags?post=3099"}],"curies":[{"name":"wp","href":"https:\/\/api.w.org\/{rel}","templated":true}]}}