{"id":3350,"date":"2022-05-28T09:48:22","date_gmt":"2022-05-28T07:48:22","guid":{"rendered":"https:\/\/radioalma.eu\/mulheres\/?p=3350"},"modified":"2022-06-06T15:31:14","modified_gmt":"2022-06-06T13:31:14","slug":"testemunhos-dos-avos-dos-alunos-de-portugues-do-benelux-sobre-o-25-de-abril-de-1974-2d-parte","status":"publish","type":"post","link":"https:\/\/radioalma.eu\/mulheres\/2022\/05\/28\/testemunhos-dos-avos-dos-alunos-de-portugues-do-benelux-sobre-o-25-de-abril-de-1974-2d-parte\/","title":{"rendered":"Testemunhos dos avos dos alunos de portugues do Benelux sobre o 25 de abril de 1974 (2d parte)"},"content":{"rendered":"\n<p>O projeto (2d parte)<br>Ja tivemos a entrevista da Dr Luisa Dutra para apresenta\u00e7ao dos testemunhos dos avos dos alunos de lingua portuguesa na Belgica e no Luxemburgo<br>A Dra. Lu\u00edsa Dutra pertence e representa o INSTITUTO CAM\u00d5ES, I.P. <br>Passamos o primero grupo de testemunhos dos avos, hoje temos o segundo grupo de testemunhos dos avos dos alunos de lingua portuguesa na Belgica e no Luxemburgo .<\/p>\n\n\n\n<figure class=\"wp-block-image size-full\"><img fetchpriority=\"high\" decoding=\"async\" width=\"187\" height=\"270\" src=\"https:\/\/radioalma.eu\/mulheres\/files\/2022\/05\/telecharger.jpg\" alt=\"\" class=\"wp-image-3366\" \/><figcaption>Cartaz do 25 de abril de 1974<\/figcaption><\/figure>\n\n\n\n<figure class=\"wp-block-audio\"><audio controls src=\"https:\/\/radioalma.eu\/mulheres\/files\/2022\/05\/nelly220527.mp3\"><\/audio><figcaption>Testemunhos dos avos dos alunos de portugues no Benelux (2d parte)<\/figcaption><\/figure>\n","protected":false},"excerpt":{"rendered":"<p>O projeto (2d parte)Ja tivemos a entrevista da Dr Luisa Dutra para apresenta\u00e7ao dos testemunhos dos avos dos alunos de lingua portuguesa na Belgica e no LuxemburgoA Dra. Lu\u00edsa Dutra pertence e representa o INSTITUTO CAM\u00d5ES, I.P. Passamos o primero grupo de testemunhos dos avos, hoje temos o segundo grupo<span class=\"more-link\"><a href=\"https:\/\/radioalma.eu\/mulheres\/2022\/05\/28\/testemunhos-dos-avos-dos-alunos-de-portugues-do-benelux-sobre-o-25-de-abril-de-1974-2d-parte\/\">Lire la suite<\/a><\/span><\/p>\n","protected":false},"author":110,"featured_media":0,"comment_status":"open","ping_status":"open","sticky":false,"template":"","format":"standard","meta":{"_monsterinsights_skip_tracking":false,"_monsterinsights_sitenote_active":false,"_monsterinsights_sitenote_note":"","_monsterinsights_sitenote_category":0,"footnotes":""},"categories":[30],"tags":[],"class_list":["entry","author-mulheres","post-3350","post","type-post","status-publish","format-standard","category-encontros"],"aioseo_notices":[],"_links":{"self":[{"href":"https:\/\/radioalma.eu\/mulheres\/wp-json\/wp\/v2\/posts\/3350","targetHints":{"allow":["GET"]}}],"collection":[{"href":"https:\/\/radioalma.eu\/mulheres\/wp-json\/wp\/v2\/posts"}],"about":[{"href":"https:\/\/radioalma.eu\/mulheres\/wp-json\/wp\/v2\/types\/post"}],"author":[{"embeddable":true,"href":"https:\/\/radioalma.eu\/mulheres\/wp-json\/wp\/v2\/users\/110"}],"replies":[{"embeddable":true,"href":"https:\/\/radioalma.eu\/mulheres\/wp-json\/wp\/v2\/comments?post=3350"}],"version-history":[{"count":0,"href":"https:\/\/radioalma.eu\/mulheres\/wp-json\/wp\/v2\/posts\/3350\/revisions"}],"wp:attachment":[{"href":"https:\/\/radioalma.eu\/mulheres\/wp-json\/wp\/v2\/media?parent=3350"}],"wp:term":[{"taxonomy":"category","embeddable":true,"href":"https:\/\/radioalma.eu\/mulheres\/wp-json\/wp\/v2\/categories?post=3350"},{"taxonomy":"post_tag","embeddable":true,"href":"https:\/\/radioalma.eu\/mulheres\/wp-json\/wp\/v2\/tags?post=3350"}],"curies":[{"name":"wp","href":"https:\/\/api.w.org\/{rel}","templated":true}]}}