{"id":3568,"date":"2022-06-27T16:55:28","date_gmt":"2022-06-27T14:55:28","guid":{"rendered":"https:\/\/radioalma.eu\/mulheres\/?p=3568"},"modified":"2022-06-27T16:55:31","modified_gmt":"2022-06-27T14:55:31","slug":"festa-de-portugal-12-de-junho-2022-entrevista-consul-honorario-em-gent","status":"publish","type":"post","link":"https:\/\/radioalma.eu\/mulheres\/2022\/06\/27\/festa-de-portugal-12-de-junho-2022-entrevista-consul-honorario-em-gent\/","title":{"rendered":"Festa de Portugal 12 de junho 2022 Entrevista consul honorario em Gent"},"content":{"rendered":"\n<p>Bruno JOOS de ter BEERST  <br>Consul Honoraire du Portugal \u00e0 Gand, C\u00f4nsul Honor\u00e1rio de Portugal, Ereconsul van Portugal in Gent<br>&#8211; 15 jaar ervaring in B2B sector<br>&#8211; onderhandelaar <br>&#8211; 37 jaar ervaring in sales<br>&#8211; lid van het Koninglijke vereniging der afstammelingen van de Brusselse Geslachten <br>&#8211; lid van het Academie voor Edelsmeedkunst in Belgie de Consul van Bordeaux (toneelstuk) <br>&#8211; Ereconsulaat Portugal (Linkedin)<\/p>\n\n\n\n<figure class=\"wp-block-audio\"><audio controls src=\"https:\/\/radioalma.eu\/mulheres\/files\/2022\/06\/FetePort220612_Interv_5_Nelly_Martin_ConsulBrunoJoosdeterBeerst.mp3auda-Copie.mp3\"><\/audio><\/figure>\n","protected":false},"excerpt":{"rendered":"<p>Bruno JOOS de ter BEERST<br \/>\nConsul Honoraire du Portugal \u00e0 Gand, C\u00f4nsul Honor\u00e1rio de Portugal, Ereconsul van Portugal in Gent<span class=\"more-link\"><a href=\"https:\/\/radioalma.eu\/mulheres\/2022\/06\/27\/festa-de-portugal-12-de-junho-2022-entrevista-consul-honorario-em-gent\/\">Lire la suite<\/a><\/span><\/p>\n","protected":false},"author":110,"featured_media":3574,"comment_status":"open","ping_status":"open","sticky":false,"template":"","format":"standard","meta":{"_monsterinsights_skip_tracking":false,"_monsterinsights_sitenote_active":false,"_monsterinsights_sitenote_note":"","_monsterinsights_sitenote_category":0,"footnotes":""},"categories":[30],"tags":[],"class_list":["entry","author-mulheres","has-excerpt","post-3568","post","type-post","status-publish","format-standard","has-post-thumbnail","category-encontros"],"aioseo_notices":[],"_links":{"self":[{"href":"https:\/\/radioalma.eu\/mulheres\/wp-json\/wp\/v2\/posts\/3568","targetHints":{"allow":["GET"]}}],"collection":[{"href":"https:\/\/radioalma.eu\/mulheres\/wp-json\/wp\/v2\/posts"}],"about":[{"href":"https:\/\/radioalma.eu\/mulheres\/wp-json\/wp\/v2\/types\/post"}],"author":[{"embeddable":true,"href":"https:\/\/radioalma.eu\/mulheres\/wp-json\/wp\/v2\/users\/110"}],"replies":[{"embeddable":true,"href":"https:\/\/radioalma.eu\/mulheres\/wp-json\/wp\/v2\/comments?post=3568"}],"version-history":[{"count":0,"href":"https:\/\/radioalma.eu\/mulheres\/wp-json\/wp\/v2\/posts\/3568\/revisions"}],"wp:featuredmedia":[{"embeddable":true,"href":"https:\/\/radioalma.eu\/mulheres\/wp-json\/wp\/v2\/media\/3574"}],"wp:attachment":[{"href":"https:\/\/radioalma.eu\/mulheres\/wp-json\/wp\/v2\/media?parent=3568"}],"wp:term":[{"taxonomy":"category","embeddable":true,"href":"https:\/\/radioalma.eu\/mulheres\/wp-json\/wp\/v2\/categories?post=3568"},{"taxonomy":"post_tag","embeddable":true,"href":"https:\/\/radioalma.eu\/mulheres\/wp-json\/wp\/v2\/tags?post=3568"}],"curies":[{"name":"wp","href":"https:\/\/api.w.org\/{rel}","templated":true}]}}