{"id":3709,"date":"2023-04-26T18:11:08","date_gmt":"2023-04-26T16:11:08","guid":{"rendered":"https:\/\/radioalma.eu\/mulheres\/?p=3709"},"modified":"2023-04-26T18:29:35","modified_gmt":"2023-04-26T16:29:35","slug":"entrevista-nelly-jazra-por-marie-jose-gama-e-jose-matias","status":"publish","type":"post","link":"https:\/\/radioalma.eu\/mulheres\/2023\/04\/26\/entrevista-nelly-jazra-por-marie-jose-gama-e-jose-matias\/","title":{"rendered":"Entrevista Nelly Jazra por Marie Jose Gama e Jose Matias"},"content":{"rendered":"\n<p>Esta entrevista faz parte das atividades desenvolvidas pela Associa\u00e7ao Jose Afonso (AJA) na ocasiao das comemora\u00e7oes dos 49 anos da revolu\u00e7ao do 25 de abril de 1974.<\/p>\n\n\n\n<p>O tema \u00e9 sobre os resistentes antifacistes em Argelia antes do 25 de abril de 1974.<br>Como eu estive em Argelia de 1967 a 1974 e conheci de perto a comunidade portuguesa em Argelia que era na sua maioria constituida de refugiados politicos, e desertores da guerra colonial, ha um interesse hoje para conhecer quem eram as pessoas e quais foram as suas atividades.<br><br>Depois de 1962, Argel foi atrativa para exilados nao so portugueses mas de diferentes paises africanos que representavam os movimentos de liberta\u00e7ao nacional desses paises (MPLA, FRELIMO, PAIGC&#8230;) onde encontravam o apoio do governo argelino.<br><br>O Jose Matias deu informa\u00e7aoes sobre varios exilados politicos portugueses. Alguns conheci outros nao porque ja tinham passados antes ou depois da minha estadia.<br>\u00ab\u00a0Durante o tempo em Argel os contactos com os portugueses certamente foram muitos. <br>Os dois primeiros desertores do ex\u00e9rcito colonial portugu\u00eas em Angola foram o P\u00e1dua e o Alberto Pinto <br>Creio que em 1964\/5 que  depois de passarem por v\u00e1rios paises Africanos, foram para Argel e depois vieram para a Europa.<br>Outro desertor, Ant\u00f3nio Barracosa, furriel miliciano na Guin\u00e9, desertou em 1964\/5. <br>Esteve em Argel depois foi para Paris tendo voltado a Argel mais tarde mas por pouco tempo. <br>H\u00e1 mais tr\u00eas Francisco Seruca Salgado, aspirante miliciano, estava em \u00c9vora, e desertou do quartel com armas, foi preso em Espanha acompanhado de mais dois, Jos\u00e9  Paulo Matias e J\u00falio  Alves refract\u00e1rios. O governo espanhol recusou a extradi\u00e7\u00e3o e foram para Argel,  dos tr\u00eas,  s\u00f3 Jos\u00e9 Paulo Matias ficou em Argel a trabalhar, os outros dois vieram para  a Europa. <br>Em Outubro de 1967, na r\u00e1dio Voz da Liberdade,  Manuel  Alegre d\u00e1 a not\u00edcia do assass\u00ednio de um jovem estudante, Ant\u00f3nio Jos\u00e9 Matias, que se encontrava no hospital com a pol\u00edcia \u00e0 sua cabeceira\u00a0\u00bb<br>A Frente Portuguesa de Liberta\u00e7ao Nacional era representada pelo Piteira Santos e pelo Manuel Alegre.<br><br>Jose Matias com o t-shirt da AJA (Associa\u00e7ao Jose Afonso)<\/p>\n\n\n\n<p><\/p>\n\n\n\n<p>Emission du 21 et 23 avril 2023<\/p>\n\n\n\n<figure class=\"wp-block-audio\"><audio controls src=\"https:\/\/radioalma.eu\/mulheres\/files\/2023\/04\/AudioRec01_21-04-2023_17h-18h.mp3aud-Copie.mp3\"><\/audio><figcaption class=\"wp-element-caption\">Entrevista sobre resistentes anti facistas em Argelia <a href=\"https:\/\/go.ivoox.com\/sq\/1930749\" title=\"\">https:\/\/go.ivoox.com\/sq\/1930749<\/a><\/figcaption><\/figure>\n\n\n\n<figure class=\"wp-block-image size-large\"><img fetchpriority=\"high\" decoding=\"async\" width=\"462\" height=\"1024\" src=\"https:\/\/radioalma.eu\/mulheres\/files\/2023\/04\/thumbnail_20230423_113124-462x1024.jpg\" alt=\"\" class=\"wp-image-3713\" srcset=\"https:\/\/radioalma.eu\/mulheres\/files\/2023\/04\/thumbnail_20230423_113124-462x1024.jpg 462w, https:\/\/radioalma.eu\/mulheres\/files\/2023\/04\/thumbnail_20230423_113124-135x300.jpg 135w, https:\/\/radioalma.eu\/mulheres\/files\/2023\/04\/thumbnail_20230423_113124-248x550.jpg 248w, https:\/\/radioalma.eu\/mulheres\/files\/2023\/04\/thumbnail_20230423_113124-225x500.jpg 225w, https:\/\/radioalma.eu\/mulheres\/files\/2023\/04\/thumbnail_20230423_113124.jpg 577w\" sizes=\"(max-width: 462px) 100vw, 462px\" \/><\/figure>\n\n\n\n<figure class=\"wp-block-image size-large\"><img decoding=\"async\" width=\"1024\" height=\"462\" src=\"https:\/\/radioalma.eu\/mulheres\/files\/2023\/04\/thumbnail_20230423_112712_029-1024x462.jpg\" alt=\"\" class=\"wp-image-3712\" srcset=\"https:\/\/radioalma.eu\/mulheres\/files\/2023\/04\/thumbnail_20230423_112712_029-1024x462.jpg 1024w, https:\/\/radioalma.eu\/mulheres\/files\/2023\/04\/thumbnail_20230423_112712_029-300x135.jpg 300w, https:\/\/radioalma.eu\/mulheres\/files\/2023\/04\/thumbnail_20230423_112712_029-768x346.jpg 768w, https:\/\/radioalma.eu\/mulheres\/files\/2023\/04\/thumbnail_20230423_112712_029-465x210.jpg 465w, https:\/\/radioalma.eu\/mulheres\/files\/2023\/04\/thumbnail_20230423_112712_029-695x313.jpg 695w, https:\/\/radioalma.eu\/mulheres\/files\/2023\/04\/thumbnail_20230423_112712_029.jpg 1280w\" sizes=\"(max-width: 1024px) 100vw, 1024px\" \/><\/figure>\n\n\n\n<p>Marie Jose Gama e Jose Matias au centre<\/p>\n\n\n","protected":false},"excerpt":{"rendered":"<p>Esta entrevista faz parte das atividades desenvolvidas pela Associa\u00e7ao Jose Afonso (AJA) na ocasiao das comemora\u00e7oes dos 49 anos da revolu\u00e7ao do 25 de abril de 1974. O tema \u00e9 sobre os resistentes antifacistes em Argelia antes do 25 de abril de 1974.Como eu estive em Argelia de 1967 a<span class=\"more-link\"><a href=\"https:\/\/radioalma.eu\/mulheres\/2023\/04\/26\/entrevista-nelly-jazra-por-marie-jose-gama-e-jose-matias\/\">Lire la suite<\/a><\/span><\/p>\n","protected":false},"author":110,"featured_media":0,"comment_status":"open","ping_status":"open","sticky":false,"template":"","format":"standard","meta":{"_monsterinsights_skip_tracking":false,"_monsterinsights_sitenote_active":false,"_monsterinsights_sitenote_note":"","_monsterinsights_sitenote_category":0,"footnotes":""},"categories":[1],"tags":[],"class_list":["entry","author-mulheres","post-3709","post","type-post","status-publish","format-standard","category-non-classe"],"aioseo_notices":[],"_links":{"self":[{"href":"https:\/\/radioalma.eu\/mulheres\/wp-json\/wp\/v2\/posts\/3709","targetHints":{"allow":["GET"]}}],"collection":[{"href":"https:\/\/radioalma.eu\/mulheres\/wp-json\/wp\/v2\/posts"}],"about":[{"href":"https:\/\/radioalma.eu\/mulheres\/wp-json\/wp\/v2\/types\/post"}],"author":[{"embeddable":true,"href":"https:\/\/radioalma.eu\/mulheres\/wp-json\/wp\/v2\/users\/110"}],"replies":[{"embeddable":true,"href":"https:\/\/radioalma.eu\/mulheres\/wp-json\/wp\/v2\/comments?post=3709"}],"version-history":[{"count":0,"href":"https:\/\/radioalma.eu\/mulheres\/wp-json\/wp\/v2\/posts\/3709\/revisions"}],"wp:attachment":[{"href":"https:\/\/radioalma.eu\/mulheres\/wp-json\/wp\/v2\/media?parent=3709"}],"wp:term":[{"taxonomy":"category","embeddable":true,"href":"https:\/\/radioalma.eu\/mulheres\/wp-json\/wp\/v2\/categories?post=3709"},{"taxonomy":"post_tag","embeddable":true,"href":"https:\/\/radioalma.eu\/mulheres\/wp-json\/wp\/v2\/tags?post=3709"}],"curies":[{"name":"wp","href":"https:\/\/api.w.org\/{rel}","templated":true}]}}