{"id":4211,"date":"2024-12-17T12:46:10","date_gmt":"2024-12-17T11:46:10","guid":{"rendered":"https:\/\/radioalma.eu\/mulheres\/?p=4211"},"modified":"2024-12-17T12:52:36","modified_gmt":"2024-12-17T11:52:36","slug":"entrevue-marie-cabadi-sur-les-maisons-des-femmes","status":"publish","type":"post","link":"https:\/\/radioalma.eu\/mulheres\/2024\/12\/17\/entrevue-marie-cabadi-sur-les-maisons-des-femmes\/","title":{"rendered":"Entrevue Marie Cabadi sur les maisons des femmes"},"content":{"rendered":"\n<p>Entrevue Marie Cabadi<br>Emission vendredi 13 d\u00e9cembre 2024<br><\/p>\n\n\n\n<figure class=\"wp-block-audio\"><audio controls src=\"https:\/\/radioalma.eu\/mulheres\/files\/2024\/12\/nelly241213.mp3\"><\/audio><\/figure>\n\n\n\n<p>Pr\u00e9sentation<br>N\u00e9e en 1995 \u00e0 Paris.<br>Doctorante en histoire contemporaine, universit\u00e9 d\u2019Angers, depuis 2020- Attach\u00e9e temporaire d\u2019enseignement et de recherche, Sciences Po Toulouse, depuis 2023<br>Pr\u00e9paration au doctorat en histoire \u2013 Universit\u00e9 d&rsquo;Angers sur \u00ab Le f\u00e9minisme par ses lieux. Maisons et centres des femmes en Belgique, en France et au Royaume-Uni (1970-1990) \u00bb<br>Master 2 Histoire et Sciences Sociales \u00e0 l\u2019Ecole des hautes \u00e9tudes en sciences sociales, et Agr\u00e9gation d\u2019histoire. Vous avez fait l\u2019Ecole normale sup\u00e9rieure.<br>Plusieurs publications dont la plupart sont relatives aux maisons et centres des femmes.<br>Vous avez fait une pr\u00e9sentation lors du 50\u00e8me anniversaire de la premi\u00e8re maison des femmes \u00e0 Bruxelles qui s\u2019est tenue le 16 novembre 2024 \u00e0 la demande de la maison des femmes, rue du m\u00e9ridien, fond\u00e9e le 5 septembre 1974 par les f\u00e9ministes : Denise Devos, Fanny Filosof, Nadine Plateau, Hedwige Poullet, \u2026<br>1-Avant de parler de la maison des femmes parlez-nous de ce travail : \u00ab Lesbiennes et gays au charbon : solidarit\u00e9 avec les mineurs britanniques en gr\u00e8ve \u00bb <br>et celui sur \u00ab Les drapeaux rouges et ballons \u00bb<br>2-Pourquoi vous \u00eates-vous int\u00e9ress\u00e9e aux maisons des femmes ? Expliquer ce que sont les maisons des femmes.<br>Vous dites que \u00ab Cette forme de spatialit\u00e9 f\u00e9minine et f\u00e9ministe a d\u2019abord \u00e9t\u00e9 pens\u00e9e et pratiqu\u00e9e en Am\u00e9rique du Nord, avant de fleurir dans des centaines de villes europ\u00e9ennes au cours des ann\u00e9es 1970-1980 \u00bb<br>3-Pourquoi avoir choisi les maisons des femmes de ces 3 pays : Belgique, France et Royaume-Uni ?<br>\u00ab Ce cadre tri-national permet de faire varier les \u00e9chelles et d\u2019interroger les trajectoires nationales de cette cat\u00e9gorie f\u00e9ministe, tout en pensant les mouvements contestataires du dernier tiers du XXe si\u00e8cle comme des mouvements transnationaux \u00bb.<br>4-Y a-t-il des diff\u00e9rences entre les maisons des femmes dans ces 3 pays ?<br>5-Quelle est la relation de ces mouvements avec les autres mouvements sociaux ?<br>Dans une p\u00e9riode marqu\u00e9e \u00ab par la d\u00e9sindustrialisation et ses cons\u00e9quences en termes de transformations urbaines \u00bb.<br>6-Et aujourd\u2019hui, quelles transformations ont subi ces maisons des femmes ?<br>7-Comment vous les voyez dans le futur ?<br><\/p>\n\n\n\n<figure class=\"wp-block-image size-large is-resized\"><img fetchpriority=\"high\" decoding=\"async\" width=\"768\" height=\"1024\" src=\"https:\/\/radioalma.eu\/mulheres\/files\/2024\/12\/portrait_Cabadi-768x1024.jpg\" alt=\"\" class=\"wp-image-4226\" style=\"width:402px;height:auto\" srcset=\"https:\/\/radioalma.eu\/mulheres\/files\/2024\/12\/portrait_Cabadi-768x1024.jpg 768w, https:\/\/radioalma.eu\/mulheres\/files\/2024\/12\/portrait_Cabadi-225x300.jpg 225w, https:\/\/radioalma.eu\/mulheres\/files\/2024\/12\/portrait_Cabadi-1152x1536.jpg 1152w, https:\/\/radioalma.eu\/mulheres\/files\/2024\/12\/portrait_Cabadi-413x550.jpg 413w, https:\/\/radioalma.eu\/mulheres\/files\/2024\/12\/portrait_Cabadi-375x500.jpg 375w, https:\/\/radioalma.eu\/mulheres\/files\/2024\/12\/portrait_Cabadi.jpg 1536w\" sizes=\"(max-width: 768px) 100vw, 768px\" \/><\/figure>\n\n\n\n<p>Marie Cabadi<\/p>\n\n\n\n<p><\/p>\n\n\n\n<figure class=\"wp-block-image size-large is-resized\"><img decoding=\"async\" width=\"820\" height=\"1024\" src=\"https:\/\/radioalma.eu\/mulheres\/files\/2024\/12\/MDF_Bruxelles-1-820x1024.jpg\" alt=\"\" class=\"wp-image-4227\" style=\"width:532px;height:auto\" srcset=\"https:\/\/radioalma.eu\/mulheres\/files\/2024\/12\/MDF_Bruxelles-1-820x1024.jpg 820w, https:\/\/radioalma.eu\/mulheres\/files\/2024\/12\/MDF_Bruxelles-1-240x300.jpg 240w, https:\/\/radioalma.eu\/mulheres\/files\/2024\/12\/MDF_Bruxelles-1-768x959.jpg 768w, https:\/\/radioalma.eu\/mulheres\/files\/2024\/12\/MDF_Bruxelles-1-440x550.jpg 440w, https:\/\/radioalma.eu\/mulheres\/files\/2024\/12\/MDF_Bruxelles-1-400x500.jpg 400w, https:\/\/radioalma.eu\/mulheres\/files\/2024\/12\/MDF_Bruxelles-1.jpg 1230w\" sizes=\"(max-width: 820px) 100vw, 820px\" \/><\/figure>\n","protected":false},"excerpt":{"rendered":"<p>Entrevue Marie CabadiEmission vendredi 13 d\u00e9cembre 2024 Pr\u00e9sentationN\u00e9e en 1995 \u00e0 Paris.Doctorante en histoire contemporaine, universit\u00e9 d\u2019Angers, depuis 2020- Attach\u00e9e temporaire d\u2019enseignement et de recherche, Sciences Po Toulouse, depuis 2023Pr\u00e9paration au doctorat en histoire \u2013 Universit\u00e9 d&rsquo;Angers sur \u00ab Le f\u00e9minisme par ses lieux. Maisons et centres des femmes en<span class=\"more-link\"><a href=\"https:\/\/radioalma.eu\/mulheres\/2024\/12\/17\/entrevue-marie-cabadi-sur-les-maisons-des-femmes\/\">Lire la suite<\/a><\/span><\/p>\n","protected":false},"author":110,"featured_media":4225,"comment_status":"open","ping_status":"open","sticky":false,"template":"","format":"standard","meta":{"_monsterinsights_skip_tracking":false,"_monsterinsights_sitenote_active":false,"_monsterinsights_sitenote_note":"","_monsterinsights_sitenote_category":0,"footnotes":""},"categories":[30],"tags":[66],"class_list":["entry","author-mulheres","post-4211","post","type-post","status-publish","format-standard","has-post-thumbnail","category-encontros","tag-entrevue-marie-cabadi-maison-des-femmes"],"aioseo_notices":[],"_links":{"self":[{"href":"https:\/\/radioalma.eu\/mulheres\/wp-json\/wp\/v2\/posts\/4211","targetHints":{"allow":["GET"]}}],"collection":[{"href":"https:\/\/radioalma.eu\/mulheres\/wp-json\/wp\/v2\/posts"}],"about":[{"href":"https:\/\/radioalma.eu\/mulheres\/wp-json\/wp\/v2\/types\/post"}],"author":[{"embeddable":true,"href":"https:\/\/radioalma.eu\/mulheres\/wp-json\/wp\/v2\/users\/110"}],"replies":[{"embeddable":true,"href":"https:\/\/radioalma.eu\/mulheres\/wp-json\/wp\/v2\/comments?post=4211"}],"version-history":[{"count":0,"href":"https:\/\/radioalma.eu\/mulheres\/wp-json\/wp\/v2\/posts\/4211\/revisions"}],"wp:featuredmedia":[{"embeddable":true,"href":"https:\/\/radioalma.eu\/mulheres\/wp-json\/wp\/v2\/media\/4225"}],"wp:attachment":[{"href":"https:\/\/radioalma.eu\/mulheres\/wp-json\/wp\/v2\/media?parent=4211"}],"wp:term":[{"taxonomy":"category","embeddable":true,"href":"https:\/\/radioalma.eu\/mulheres\/wp-json\/wp\/v2\/categories?post=4211"},{"taxonomy":"post_tag","embeddable":true,"href":"https:\/\/radioalma.eu\/mulheres\/wp-json\/wp\/v2\/tags?post=4211"}],"curies":[{"name":"wp","href":"https:\/\/api.w.org\/{rel}","templated":true}]}}