{"id":4239,"date":"2025-02-12T18:10:51","date_gmt":"2025-02-12T17:10:51","guid":{"rendered":"https:\/\/radioalma.eu\/mulheres\/?p=4239"},"modified":"2025-02-12T18:19:21","modified_gmt":"2025-02-12T17:19:21","slug":"entrevue-laudine-lahaye-chargee-detudes-au-secretariat-general-de-lasbl-soralia-sur-laccueil-extra-scolaire","status":"publish","type":"post","link":"https:\/\/radioalma.eu\/mulheres\/2025\/02\/12\/entrevue-laudine-lahaye-chargee-detudes-au-secretariat-general-de-lasbl-soralia-sur-laccueil-extra-scolaire\/","title":{"rendered":"Entrevue Laudine Lahaye, Charg\u00e9e d\u2019\u00e9tudes au secr\u00e9tariat g\u00e9n\u00e9ral de l\u2019ASBL Soralia sur l&rsquo;accueil extra-scolaire"},"content":{"rendered":"\n<p>Entrevue Laudine Lahaye<br>Charg\u00e9e d\u2019\u00e9tudes au secr\u00e9tariat g\u00e9n\u00e9ral de l\u2019ASBL Soralia\t<br>Accueil extra-scolaire<\/p>\n\n\n\n<figure class=\"wp-block-image size-full is-resized\"><img fetchpriority=\"high\" decoding=\"async\" width=\"175\" height=\"288\" src=\"https:\/\/radioalma.eu\/mulheres\/files\/2025\/02\/telecharger-1.jpg\" alt=\"\" class=\"wp-image-4262\" style=\"width:223px;height:auto\" \/><\/figure>\n\n\n\n<p>Laudine Lahaye<\/p>\n\n\n\n<p>Dipl\u00f4m\u00e9e en sociologie avec un master \u00e0 l\u2019UCL (Universit\u00e9 catholique de Louvain)<br>De mai 2016 \u00e0 septembre 2018 : animatrice r\u00e9gionale \u00e0 l\u2019ASBL Soralia<br>De septembre 2018 \u00e0 aujourd\u2019hui : charg\u00e9e d\u2019\u00e9tudes chez Soralia<br>Th\u00e9matiques de recherche : politiques familiales (allocations familiales, accueil de la petite enfance, cr\u00e9ances alimentaires, cong\u00e9s parentaux), r\u00f4les parentaux st\u00e9r\u00e9otyp\u00e9s, \u00e9volution historique de la maternit\u00e9 et de la paternit\u00e9, articulation vie priv\u00e9e-vie professionnelle, charge mentale, burnout maternel, \u00e9ducation aux m\u00e9dias.<br><br>1-Pouvez-vous nous dire ce qu\u2019est l\u2019ASBL Soralia et quel est son r\u00f4le ?<br>L\u2019asbl Soralia (ex- Femmes Pr\u00e9voyantes Socialistes) est n\u00e9e en 1922, du besoin de cr\u00e9er des caisses d\u2019entraide mutuelle pour les femmes ouvri\u00e8res, les femmes d\u2019ouvriers et leurs enfants. Aujourd\u2019hui notre association, en tant que membre du r\u00e9seau associatif de Solidaris, continuent \u00e0 militer et mener des actions pour favoriser l\u2019\u00e9galit\u00e9 entre les femmes et les hommes et pour r\u00e9duire les in\u00e9galit\u00e9s en mati\u00e8re de sant\u00e9. Ces actions sont men\u00e9es dans un cadre f\u00e9ministe, la\u00efque et progressiste.<br>Le service \u00c9tudes de Soralia, dont Laudine Lahaye fait partie, est charg\u00e9 de produire des analyses et des \u00e9tudes li\u00e9es aux axes de travail du mouvement : la d\u00e9construction des r\u00f4les sociaux, la citoyennet\u00e9, les familles et la sant\u00e9. Par le biais d\u2019interpellations et de mandats, le service \u00c9tudes porte les revendications de Soralia aupr\u00e8s des politiques et de diff\u00e9rents organismes publics.<br>La r\u00e9gionale Soralia de Bruxelles a plusieurs comit\u00e9s locaux, c\u2019est-\u00e0-dire des groupes de femmes militantes, implant\u00e9s dans les communes bruxelloises et qui font des activit\u00e9s proches de chez elles. En parall\u00e8le, il y a aussi un cercle de parole et de soutien sur les discriminations faites aux femmes, un atelier cr\u00e9ation de pancartes pour la manifestation du 8 mars. Plus d\u2019infos : soralia.bxl@solidaris.be ou 02\/546.14.12.<br>2-Comment avez-vous connu l\u2019ASBL Soralia ?<br>3-Quand et comment vous \u00eates venue \u00e0 vous int\u00e9resser \u00e0 ces th\u00e8mes ?<br>4-Vous avez pr\u00e9sent\u00e9 le 30 novembre 2024 \u00e0 l\u2019universit\u00e9 d\u2019automne du Conseil des femmes francophones de Belgique une \u00e9tude relative \u00e0 l\u2019accueil extrascolaire. Avant d\u2019aborder les r\u00e9sultats il serait utile pour nos auditeurs d\u2019expliquer bri\u00e8vement le syst\u00e8me d\u2019accueil en Belgique \u00e0 la fois extrascolaire et celui de l\u2019enfance.<br>6-Pourquoi y a-t-il un risque de pr\u00e9carit\u00e9 pour les personnes qui sont employ\u00e9es dans l\u2019accueil extra-scolaire ?<br>Vous montrez que leur revenu est relativement faible,<br>Que le temps partiel est souvent impos\u00e9,<br>Que le travail est relativement p\u00e9nible avec des effets n\u00e9gatifs sur la sant\u00e9 physique et mentale\u2026<br>7-Quelles en sont les cons\u00e9quences ?<br>8-Comment peut-on y rem\u00e9dier ?<br>Malgr\u00e9 tout vous \u00eates optimiste\u2026<br>9-Comment voyez vous le futur et dans ce cadre votre travail ?<br><br>Publications de Laudine Lahaye:<br>Le slutshaming : un m\u00e9canisme d\u2019oppression au-del\u00e0 de l\u2019insulte https:\/\/www.femmesprevoyantes.be\/2017\/12\/12\/analyse-2017-le-slutshaming-un-mecanisme-doppression-au-dela-de-linsulte\/<br>Adolescents et nouvelles technologies : un cybersexisme qui cr\u00e8ve l\u2019\u00e9cran https:\/\/www.femmesprevoyantes.be\/2017\/06\/30\/analyse-2017-adolescents-et-nouvelles-technologies-un-cybersexisme-qui-creve-lecran<br>Quand la maternit\u00e9 ne fait pas le bonheur https:\/\/www.femmesprevoyantes.be\/2018\/12\/20\/analyse-2018-quand-la-maternite-ne-fait-pas-le-bonheur\/<br>Z\u00e9ro-d\u00e9chet et z\u00e9ro-sexisme : m\u00eame combat ? https:\/\/www.femmesprevoyantes.be\/2019\/08\/19\/zero-dechet\/<br>Politiques familiales et \u00e9galit\u00e9 femmes-hommes font-elles bon m\u00e9nage ? A paraitre en f\u00e9vrier 2025<br><br><\/p>\n\n\n\n<figure class=\"wp-block-audio\"><audio controls src=\"https:\/\/radioalma.eu\/mulheres\/files\/2025\/02\/nelly250124blog.mp3\"><\/audio><\/figure>\n\n\n\n<figure class=\"wp-block-image size-full is-resized\"><img decoding=\"async\" width=\"800\" height=\"533\" src=\"https:\/\/radioalma.eu\/mulheres\/files\/2025\/02\/laudine.jpg\" alt=\"\" class=\"wp-image-4258\" style=\"width:525px;height:auto\" srcset=\"https:\/\/radioalma.eu\/mulheres\/files\/2025\/02\/laudine.jpg 800w, https:\/\/radioalma.eu\/mulheres\/files\/2025\/02\/laudine-300x200.jpg 300w, https:\/\/radioalma.eu\/mulheres\/files\/2025\/02\/laudine-768x512.jpg 768w, https:\/\/radioalma.eu\/mulheres\/files\/2025\/02\/laudine-465x310.jpg 465w, https:\/\/radioalma.eu\/mulheres\/files\/2025\/02\/laudine-695x463.jpg 695w\" sizes=\"(max-width: 800px) 100vw, 800px\" \/><\/figure>\n\n\n\n<p>Laudine Lahaye , <\/p>\n","protected":false},"excerpt":{"rendered":"<p>Entrevue Laudine LahayeCharg\u00e9e d\u2019\u00e9tudes au secr\u00e9tariat g\u00e9n\u00e9ral de l\u2019ASBL Soralia Accueil extra-scolaire Laudine Lahaye Dipl\u00f4m\u00e9e en sociologie avec un master \u00e0 l\u2019UCL (Universit\u00e9 catholique de Louvain)De mai 2016 \u00e0 septembre 2018 : animatrice r\u00e9gionale \u00e0 l\u2019ASBL SoraliaDe septembre 2018 \u00e0 aujourd\u2019hui : charg\u00e9e d\u2019\u00e9tudes chez SoraliaTh\u00e9matiques de recherche : politiques<span class=\"more-link\"><a href=\"https:\/\/radioalma.eu\/mulheres\/2025\/02\/12\/entrevue-laudine-lahaye-chargee-detudes-au-secretariat-general-de-lasbl-soralia-sur-laccueil-extra-scolaire\/\">Lire la suite<\/a><\/span><\/p>\n","protected":false},"author":110,"featured_media":0,"comment_status":"open","ping_status":"open","sticky":false,"template":"","format":"standard","meta":{"_monsterinsights_skip_tracking":false,"_monsterinsights_sitenote_active":false,"_monsterinsights_sitenote_note":"","_monsterinsights_sitenote_category":0,"footnotes":""},"categories":[30],"tags":[],"class_list":["entry","author-mulheres","post-4239","post","type-post","status-publish","format-standard","category-encontros"],"aioseo_notices":[],"_links":{"self":[{"href":"https:\/\/radioalma.eu\/mulheres\/wp-json\/wp\/v2\/posts\/4239","targetHints":{"allow":["GET"]}}],"collection":[{"href":"https:\/\/radioalma.eu\/mulheres\/wp-json\/wp\/v2\/posts"}],"about":[{"href":"https:\/\/radioalma.eu\/mulheres\/wp-json\/wp\/v2\/types\/post"}],"author":[{"embeddable":true,"href":"https:\/\/radioalma.eu\/mulheres\/wp-json\/wp\/v2\/users\/110"}],"replies":[{"embeddable":true,"href":"https:\/\/radioalma.eu\/mulheres\/wp-json\/wp\/v2\/comments?post=4239"}],"version-history":[{"count":0,"href":"https:\/\/radioalma.eu\/mulheres\/wp-json\/wp\/v2\/posts\/4239\/revisions"}],"wp:attachment":[{"href":"https:\/\/radioalma.eu\/mulheres\/wp-json\/wp\/v2\/media?parent=4239"}],"wp:term":[{"taxonomy":"category","embeddable":true,"href":"https:\/\/radioalma.eu\/mulheres\/wp-json\/wp\/v2\/categories?post=4239"},{"taxonomy":"post_tag","embeddable":true,"href":"https:\/\/radioalma.eu\/mulheres\/wp-json\/wp\/v2\/tags?post=4239"}],"curies":[{"name":"wp","href":"https:\/\/api.w.org\/{rel}","templated":true}]}}