{"id":4402,"date":"2025-10-31T18:45:34","date_gmt":"2025-10-31T17:45:34","guid":{"rendered":"https:\/\/radioalma.eu\/mulheres\/?p=4402"},"modified":"2025-10-31T18:48:35","modified_gmt":"2025-10-31T17:48:35","slug":"angola-2025-festival","status":"publish","type":"post","link":"https:\/\/radioalma.eu\/mulheres\/2025\/10\/31\/angola-2025-festival\/","title":{"rendered":"ANGOLA 2025 FESTIVAL"},"content":{"rendered":"\n<figure class=\"wp-block-image size-large is-resized\"><img fetchpriority=\"high\" decoding=\"async\" width=\"727\" height=\"1024\" src=\"https:\/\/radioalma.eu\/mulheres\/files\/2025\/10\/thumbnail_AFFICHE-GENERAL-ANGOLA-2025-FR-ok-1-727x1024.jpg\" alt=\"\" class=\"wp-image-4407\" style=\"width:476px;height:auto\" srcset=\"https:\/\/radioalma.eu\/mulheres\/files\/2025\/10\/thumbnail_AFFICHE-GENERAL-ANGOLA-2025-FR-ok-1-727x1024.jpg 727w, https:\/\/radioalma.eu\/mulheres\/files\/2025\/10\/thumbnail_AFFICHE-GENERAL-ANGOLA-2025-FR-ok-1-213x300.jpg 213w, https:\/\/radioalma.eu\/mulheres\/files\/2025\/10\/thumbnail_AFFICHE-GENERAL-ANGOLA-2025-FR-ok-1-768x1082.jpg 768w, https:\/\/radioalma.eu\/mulheres\/files\/2025\/10\/thumbnail_AFFICHE-GENERAL-ANGOLA-2025-FR-ok-1-390x550.jpg 390w, https:\/\/radioalma.eu\/mulheres\/files\/2025\/10\/thumbnail_AFFICHE-GENERAL-ANGOLA-2025-FR-ok-1-355x500.jpg 355w, https:\/\/radioalma.eu\/mulheres\/files\/2025\/10\/thumbnail_AFFICHE-GENERAL-ANGOLA-2025-FR-ok-1.jpg 853w\" sizes=\"(max-width: 727px) 100vw, 727px\" \/><\/figure>\n\n\n\n<p>L&rsquo;association ANGOLA 2025, partenaire de la FABP (Federation des associations portugaises en Belgique) a le plaisir de vous inviter au festival d\u2019Angola 2025, 4 jours de d\u00e9couverte \u00e0 Saint-Gilles. <br>Du 6 au 9 novembre 2025, La Cellule 133 accueillera ANGOLA 2025 pour un festival multidisciplinaire d\u00e9di\u00e9 \u00e0 la cr\u00e9ation contemporaine angolaise : arts visuels, danse, musique, cin\u00e9ma et litt\u00e9rature.<br>\u00c0 l\u2019initiative de Concertation Productions asbl, en collaboration avec Intercult 77, le festival propose un programme riche, ouvert \u00e0 toutes et tous, en prix libre et conscient.<br>Une partie des recettes sera revers\u00e9e \u00e0 l\u2019orphelinat Okutiuka de Huambo (Angola).<br>PROGRAMME <br><br>Jeudi 6 novembre \u2013 Vernissage et lectures<br>18h30 \u2013 Inauguration du festival et vernissage de l\u2019exposition de Pache et Dom Farkle.<br>Lectures par Pascale Kinanga.<br>Vendredi 7 novembre <br>19h30\u2013 Cours de semba, kizomba et kuduru avec Belo Fanck et Sonja KikiZomba<br>21h00 \u2013 Soir\u00e9e dansante angolaise avec Belo Fanck, Eric (percussions) et Octavio (pianiste et choriste).<br>22h30 &#8211; Soir\u00e9e dansante angolaise avec DJ Sonja KikiZomba<br>Samedi 8 novembre \u2013 Concert<br>20h30 \u2013 Concert de Lulendo, chanteur et multi-instrumentiste angolais.<br>Dimanche 9 novembre \u2013 Atelier et projection<br>16h00 \u2013 Atelier d\u2019instruments traditionnels anim\u00e9 par Lulendo<br>18h30 \u2013 Projection du film Death Metal Angola de Jeremy Xido.<br>Finissage de l\u2019exposition.<br>Les b\u00e9n\u00e9fices de cette soir\u00e9e seront revers\u00e9s \u00e0 de l\u2019ONG Okutiuka, un orphelinat en Angola.<br><br>Infos pratiques :<br>Lieu : Cellule 133, 133 avenue Ducp\u00e9tiaux, 1060 Bruxelles<br>Entr\u00e9e : prix libre et conscient<br>http:\/\/www.angola2025.org<br><br>Contact presse : info.angola2025@gmail.com<br>R\u00e9seaux sociaux : Facebook Angola2025 | Instagram angola2025.bxl<br><br>Au plaisir de vous y retrouver!<br>A tr\u00e8s bient\u00f4t.<\/p>\n\n\n\n\n\n<p><\/p>\n","protected":false},"excerpt":{"rendered":"<p>L&rsquo;association ANGOLA 2025, partenaire de la FABP (Federation des associations portugaises en Belgique) a le plaisir de vous inviter au festival d\u2019Angola 2025, 4 jours de d\u00e9couverte \u00e0 Saint-Gilles. Du 6 au 9 novembre 2025, La Cellule 133 accueillera ANGOLA 2025 pour un festival multidisciplinaire d\u00e9di\u00e9 \u00e0 la cr\u00e9ation contemporaine<span class=\"more-link\"><a href=\"https:\/\/radioalma.eu\/mulheres\/2025\/10\/31\/angola-2025-festival\/\">Lire la suite<\/a><\/span><\/p>\n","protected":false},"author":110,"featured_media":4405,"comment_status":"open","ping_status":"open","sticky":false,"template":"","format":"standard","meta":{"_monsterinsights_skip_tracking":false,"_monsterinsights_sitenote_active":false,"_monsterinsights_sitenote_note":"","_monsterinsights_sitenote_category":0,"footnotes":""},"categories":[1],"tags":[],"class_list":["entry","author-mulheres","post-4402","post","type-post","status-publish","format-standard","has-post-thumbnail","category-non-classe"],"aioseo_notices":[],"_links":{"self":[{"href":"https:\/\/radioalma.eu\/mulheres\/wp-json\/wp\/v2\/posts\/4402","targetHints":{"allow":["GET"]}}],"collection":[{"href":"https:\/\/radioalma.eu\/mulheres\/wp-json\/wp\/v2\/posts"}],"about":[{"href":"https:\/\/radioalma.eu\/mulheres\/wp-json\/wp\/v2\/types\/post"}],"author":[{"embeddable":true,"href":"https:\/\/radioalma.eu\/mulheres\/wp-json\/wp\/v2\/users\/110"}],"replies":[{"embeddable":true,"href":"https:\/\/radioalma.eu\/mulheres\/wp-json\/wp\/v2\/comments?post=4402"}],"version-history":[{"count":3,"href":"https:\/\/radioalma.eu\/mulheres\/wp-json\/wp\/v2\/posts\/4402\/revisions"}],"predecessor-version":[{"id":4409,"href":"https:\/\/radioalma.eu\/mulheres\/wp-json\/wp\/v2\/posts\/4402\/revisions\/4409"}],"wp:featuredmedia":[{"embeddable":true,"href":"https:\/\/radioalma.eu\/mulheres\/wp-json\/wp\/v2\/media\/4405"}],"wp:attachment":[{"href":"https:\/\/radioalma.eu\/mulheres\/wp-json\/wp\/v2\/media?parent=4402"}],"wp:term":[{"taxonomy":"category","embeddable":true,"href":"https:\/\/radioalma.eu\/mulheres\/wp-json\/wp\/v2\/categories?post=4402"},{"taxonomy":"post_tag","embeddable":true,"href":"https:\/\/radioalma.eu\/mulheres\/wp-json\/wp\/v2\/tags?post=4402"}],"curies":[{"name":"wp","href":"https:\/\/api.w.org\/{rel}","templated":true}]}}