{"id":4447,"date":"2026-03-09T17:22:50","date_gmt":"2026-03-09T16:22:50","guid":{"rendered":"https:\/\/radioalma.eu\/mulheres\/?p=4447"},"modified":"2026-03-09T17:38:14","modified_gmt":"2026-03-09T16:38:14","slug":"journee-de-la-femme-2026","status":"publish","type":"post","link":"https:\/\/radioalma.eu\/mulheres\/2026\/03\/09\/journee-de-la-femme-2026\/","title":{"rendered":"Journ\u00e9e de la femme 2026"},"content":{"rendered":"\n<p>Beaucoup de monde s&rsquo;est mobilis\u00e9 surtout des femmes: des associations, des ASBL, des groupes de musique et de folklore. Et meme quelques politiciens.<br>Environ 8000 personnes se sont rassembl\u00e9es sur la place de l&rsquo;Albertine. Des affiches et slogans contre la violence sexuelle, le patriarcat, la libert\u00e9, l&rsquo;oppression, la discrimination, la domination masculine&#8230;toutes les revendications sont remont\u00e9es \u00e0 la surface. Des voix se sont \u00e9lev\u00e9s contre l&rsquo;arizona&#8230;le pouvoir politique.<br>Des femmes qui chantent et qui dansent et qui crient leurs messages le plus souvent affich\u00e9s sur des pancartes en carton. <\/p>\n\n\n\n<p>La manifestation s&rsquo;est pass\u00e9e dans la gait\u00e9 et la bonne humeur, ce qui n&rsquo;occulte pas le serieux des probl\u00e8mes et le fait qu&rsquo;ils sont loin d&rsquo;\u00eatre r\u00e9solus.<\/p>\n\n\n\n\n\n<figure class=\"wp-block-image size-large is-resized\"><img fetchpriority=\"high\" decoding=\"async\" width=\"768\" height=\"1024\" src=\"https:\/\/radioalma.eu\/mulheres\/files\/2026\/03\/8MARS21272c607-48ea-404b-bd6f-bc5d5b9b428c-768x1024.jpg\" alt=\"\" class=\"wp-image-4452\" style=\"width:581px;height:auto\" srcset=\"https:\/\/radioalma.eu\/mulheres\/files\/2026\/03\/8MARS21272c607-48ea-404b-bd6f-bc5d5b9b428c-768x1024.jpg 768w, https:\/\/radioalma.eu\/mulheres\/files\/2026\/03\/8MARS21272c607-48ea-404b-bd6f-bc5d5b9b428c-225x300.jpg 225w, https:\/\/radioalma.eu\/mulheres\/files\/2026\/03\/8MARS21272c607-48ea-404b-bd6f-bc5d5b9b428c-1152x1536.jpg 1152w, https:\/\/radioalma.eu\/mulheres\/files\/2026\/03\/8MARS21272c607-48ea-404b-bd6f-bc5d5b9b428c-413x550.jpg 413w, https:\/\/radioalma.eu\/mulheres\/files\/2026\/03\/8MARS21272c607-48ea-404b-bd6f-bc5d5b9b428c-375x500.jpg 375w, https:\/\/radioalma.eu\/mulheres\/files\/2026\/03\/8MARS21272c607-48ea-404b-bd6f-bc5d5b9b428c.jpg 1440w\" sizes=\"(max-width: 768px) 100vw, 768px\" \/><\/figure>\n\n\n\n<figure class=\"wp-block-image size-large is-resized\"><img decoding=\"async\" width=\"1024\" height=\"768\" src=\"https:\/\/radioalma.eu\/mulheres\/files\/2026\/03\/8MARS4e46a9ae5-367b-4313-95f9-b3bfe85cbb7a-1024x768.jpg\" alt=\"\" class=\"wp-image-4453\" style=\"width:584px;height:auto\" srcset=\"https:\/\/radioalma.eu\/mulheres\/files\/2026\/03\/8MARS4e46a9ae5-367b-4313-95f9-b3bfe85cbb7a-1024x768.jpg 1024w, https:\/\/radioalma.eu\/mulheres\/files\/2026\/03\/8MARS4e46a9ae5-367b-4313-95f9-b3bfe85cbb7a-300x225.jpg 300w, https:\/\/radioalma.eu\/mulheres\/files\/2026\/03\/8MARS4e46a9ae5-367b-4313-95f9-b3bfe85cbb7a-768x576.jpg 768w, https:\/\/radioalma.eu\/mulheres\/files\/2026\/03\/8MARS4e46a9ae5-367b-4313-95f9-b3bfe85cbb7a-1536x1152.jpg 1536w, https:\/\/radioalma.eu\/mulheres\/files\/2026\/03\/8MARS4e46a9ae5-367b-4313-95f9-b3bfe85cbb7a-465x349.jpg 465w, https:\/\/radioalma.eu\/mulheres\/files\/2026\/03\/8MARS4e46a9ae5-367b-4313-95f9-b3bfe85cbb7a-667x500.jpg 667w, https:\/\/radioalma.eu\/mulheres\/files\/2026\/03\/8MARS4e46a9ae5-367b-4313-95f9-b3bfe85cbb7a.jpg 1920w\" sizes=\"(max-width: 1024px) 100vw, 1024px\" \/><\/figure>\n\n\n\n<figure class=\"wp-block-image size-large is-resized\"><img decoding=\"async\" width=\"768\" height=\"1024\" src=\"https:\/\/radioalma.eu\/mulheres\/files\/2026\/03\/8-MARS176d3d37e-e498-4447-bd2d-76db84bb8821-768x1024.jpg\" alt=\"\" class=\"wp-image-4455\" style=\"width:591px;height:auto\" srcset=\"https:\/\/radioalma.eu\/mulheres\/files\/2026\/03\/8-MARS176d3d37e-e498-4447-bd2d-76db84bb8821-768x1024.jpg 768w, https:\/\/radioalma.eu\/mulheres\/files\/2026\/03\/8-MARS176d3d37e-e498-4447-bd2d-76db84bb8821-225x300.jpg 225w, https:\/\/radioalma.eu\/mulheres\/files\/2026\/03\/8-MARS176d3d37e-e498-4447-bd2d-76db84bb8821-1152x1536.jpg 1152w, https:\/\/radioalma.eu\/mulheres\/files\/2026\/03\/8-MARS176d3d37e-e498-4447-bd2d-76db84bb8821-413x550.jpg 413w, https:\/\/radioalma.eu\/mulheres\/files\/2026\/03\/8-MARS176d3d37e-e498-4447-bd2d-76db84bb8821-375x500.jpg 375w, https:\/\/radioalma.eu\/mulheres\/files\/2026\/03\/8-MARS176d3d37e-e498-4447-bd2d-76db84bb8821.jpg 1440w\" sizes=\"(max-width: 768px) 100vw, 768px\" \/><\/figure>\n\n\n\n<figure class=\"wp-block-image size-large is-resized\"><img loading=\"lazy\" decoding=\"async\" width=\"768\" height=\"1024\" src=\"https:\/\/radioalma.eu\/mulheres\/files\/2026\/03\/8MARS3fca4c733-a2fe-4b8d-9e55-89e5a1131b7d-768x1024.jpg\" alt=\"\" class=\"wp-image-4454\" style=\"width:587px;height:auto\" srcset=\"https:\/\/radioalma.eu\/mulheres\/files\/2026\/03\/8MARS3fca4c733-a2fe-4b8d-9e55-89e5a1131b7d-768x1024.jpg 768w, https:\/\/radioalma.eu\/mulheres\/files\/2026\/03\/8MARS3fca4c733-a2fe-4b8d-9e55-89e5a1131b7d-225x300.jpg 225w, https:\/\/radioalma.eu\/mulheres\/files\/2026\/03\/8MARS3fca4c733-a2fe-4b8d-9e55-89e5a1131b7d-1152x1536.jpg 1152w, https:\/\/radioalma.eu\/mulheres\/files\/2026\/03\/8MARS3fca4c733-a2fe-4b8d-9e55-89e5a1131b7d-413x550.jpg 413w, https:\/\/radioalma.eu\/mulheres\/files\/2026\/03\/8MARS3fca4c733-a2fe-4b8d-9e55-89e5a1131b7d-375x500.jpg 375w, https:\/\/radioalma.eu\/mulheres\/files\/2026\/03\/8MARS3fca4c733-a2fe-4b8d-9e55-89e5a1131b7d.jpg 1440w\" sizes=\"(max-width: 768px) 100vw, 768px\" \/><\/figure>\n","protected":false},"excerpt":{"rendered":"<p>Beaucoup de monde s&rsquo;est mobilis\u00e9 surtout des femmes: des associations, des ASBL, des groupes de musique et de folklore. Et meme quelques politiciens.Environ 8000 personnes se sont rassembl\u00e9es sur la place de l&rsquo;Albertine. Des affiches et slogans contre la violence sexuelle, le patriarcat, la libert\u00e9, l&rsquo;oppression, la discrimination, la domination<span class=\"more-link\"><a href=\"https:\/\/radioalma.eu\/mulheres\/2026\/03\/09\/journee-de-la-femme-2026\/\">Lire la suite<\/a><\/span><\/p>\n","protected":false},"author":110,"featured_media":0,"comment_status":"open","ping_status":"open","sticky":false,"template":"","format":"standard","meta":{"_monsterinsights_skip_tracking":false,"_monsterinsights_sitenote_active":false,"_monsterinsights_sitenote_note":"","_monsterinsights_sitenote_category":0,"footnotes":""},"categories":[1],"tags":[],"class_list":["entry","author-mulheres","post-4447","post","type-post","status-publish","format-standard","category-non-classe"],"aioseo_notices":[],"_links":{"self":[{"href":"https:\/\/radioalma.eu\/mulheres\/wp-json\/wp\/v2\/posts\/4447","targetHints":{"allow":["GET"]}}],"collection":[{"href":"https:\/\/radioalma.eu\/mulheres\/wp-json\/wp\/v2\/posts"}],"about":[{"href":"https:\/\/radioalma.eu\/mulheres\/wp-json\/wp\/v2\/types\/post"}],"author":[{"embeddable":true,"href":"https:\/\/radioalma.eu\/mulheres\/wp-json\/wp\/v2\/users\/110"}],"replies":[{"embeddable":true,"href":"https:\/\/radioalma.eu\/mulheres\/wp-json\/wp\/v2\/comments?post=4447"}],"version-history":[{"count":3,"href":"https:\/\/radioalma.eu\/mulheres\/wp-json\/wp\/v2\/posts\/4447\/revisions"}],"predecessor-version":[{"id":4456,"href":"https:\/\/radioalma.eu\/mulheres\/wp-json\/wp\/v2\/posts\/4447\/revisions\/4456"}],"wp:attachment":[{"href":"https:\/\/radioalma.eu\/mulheres\/wp-json\/wp\/v2\/media?parent=4447"}],"wp:term":[{"taxonomy":"category","embeddable":true,"href":"https:\/\/radioalma.eu\/mulheres\/wp-json\/wp\/v2\/categories?post=4447"},{"taxonomy":"post_tag","embeddable":true,"href":"https:\/\/radioalma.eu\/mulheres\/wp-json\/wp\/v2\/tags?post=4447"}],"curies":[{"name":"wp","href":"https:\/\/api.w.org\/{rel}","templated":true}]}}