{"id":63,"date":"2020-03-28T12:17:00","date_gmt":"2020-03-28T11:17:00","guid":{"rendered":"https:\/\/demo.wphoot.com\/chromatic\/?p=63"},"modified":"2021-09-18T16:02:55","modified_gmt":"2021-09-18T14:02:55","slug":"progressiondelapandemie8","status":"publish","type":"post","link":"https:\/\/radioalma.eu\/mulheres\/2020\/03\/28\/progressiondelapandemie8\/","title":{"rendered":"Progression de la pand\u00e9mie (8)"},"content":{"rendered":"\n<p>samedi 28 mars<\/p>\n\n\n<p>On s\u2019installe dans la pand\u00e9mie. Elle progresse partout, de mani\u00e8re frappante, en Italie surtout, mais aussi en Espagne et aux Etats Unis. Au milieu de ces dizaines de milliers de personnes infect\u00e9es, il manque presque partout du mat\u00e9riel. Il faut tout importer : maques, respirateurs, m\u00e9dicaments\u2026<\/p>\n<p>Comment l\u2019Europe a-t-elle pu se d\u00e9pouiller ces derni\u00e8res d\u00e9cennies de sa structure de production dans certains domaines li\u00e9s \u00e0 la sant\u00e9 et de son industrie pharmaceutique ? Elle a c\u00e9d\u00e9 au b\u00e9n\u00e9fice de pays lointains comme la Chine. Les autorit\u00e9s ont demand\u00e9 partout l\u2019appui d\u2019entreprises capables de produire le mat\u00e9riel n\u00e9cessaire. Certaines s\u2019y sont mis et ont reconverti leurs machines. Mais cela prend du temps. En plus, des objets comme les respirateurs ont besoin de certification et le temps est compt\u00e9. Ce n\u2019est pas \u00e9vident !<\/p>\n<p>Penser que notre monde technologiquement bien avanc\u00e9 est impuissant face \u00e0 ce virus. Le seul rem\u00e8de est le confinement et le z\u00e9ro contact, comme au bon vieux temps des grosses \u00e9pid\u00e9mies. Mais on a heureusement beaucoup de moyens de communiquer, contrairement \u00e0 ce qui se passait dans le temps.<\/p>\n<p>J\u2019alterne mes activit\u00e9s pour occuper mes journ\u00e9es : activit\u00e9s physiques (peintures, rangements, jardinage\u2026), intellectuelles (conf\u00e9rences sur internet et lectures).<\/p>\n<p>J\u2019ai dit \u00e0 une amie que l\u2019avantage de cette situation bizarre et in\u00e9dite c\u2019est la libert\u00e9 dans le temps. Prendre l\u2019initiative de faire des choses, sans y \u00eatre oblig\u00e9. Avoir la libert\u00e9 de s\u2019organiser. C\u2019est la forme de libert\u00e9 dans la privation de la libert\u00e9 et de la limitation de la mobilit\u00e9.<\/p>\n<p>Ce n\u2019est pas le cas de ceux qui continuent \u00e0 travailler ou \u00e0 t\u00e9l\u00e9travailler et qui sont oblig\u00e9s, en m\u00eame temps, de s\u2019occuper de leurs enfants.<\/p>\n\n\n<p><\/p>\n","protected":false},"excerpt":{"rendered":"<p>samedi 28 mars On s\u2019installe dans la pand\u00e9mie. Elle progresse partout, de mani\u00e8re frappante, en Italie surtout, mais aussi en Espagne et aux Etats Unis. Au milieu de ces dizaines de milliers de personnes infect\u00e9es, il manque presque partout du mat\u00e9riel. Il faut tout importer : maques, respirateurs, m\u00e9dicaments\u2026 Comment<span class=\"more-link\"><a href=\"https:\/\/radioalma.eu\/mulheres\/2020\/03\/28\/progressiondelapandemie8\/\">Lire la suite<\/a><\/span><\/p>\n","protected":false},"author":110,"featured_media":2542,"comment_status":"open","ping_status":"open","sticky":false,"template":"","format":"standard","meta":{"_monsterinsights_skip_tracking":false,"_monsterinsights_sitenote_active":false,"_monsterinsights_sitenote_note":"","_monsterinsights_sitenote_category":0,"footnotes":""},"categories":[29],"tags":[31,32,33],"class_list":["entry","author-mulheres","post-63","post","type-post","status-publish","format-standard","has-post-thumbnail","category-cronica","tag-confinement","tag-journal","tag-pandemie"],"aioseo_notices":[],"_links":{"self":[{"href":"https:\/\/radioalma.eu\/mulheres\/wp-json\/wp\/v2\/posts\/63","targetHints":{"allow":["GET"]}}],"collection":[{"href":"https:\/\/radioalma.eu\/mulheres\/wp-json\/wp\/v2\/posts"}],"about":[{"href":"https:\/\/radioalma.eu\/mulheres\/wp-json\/wp\/v2\/types\/post"}],"author":[{"embeddable":true,"href":"https:\/\/radioalma.eu\/mulheres\/wp-json\/wp\/v2\/users\/110"}],"replies":[{"embeddable":true,"href":"https:\/\/radioalma.eu\/mulheres\/wp-json\/wp\/v2\/comments?post=63"}],"version-history":[{"count":0,"href":"https:\/\/radioalma.eu\/mulheres\/wp-json\/wp\/v2\/posts\/63\/revisions"}],"wp:featuredmedia":[{"embeddable":true,"href":"https:\/\/radioalma.eu\/mulheres\/wp-json\/wp\/v2\/media\/2542"}],"wp:attachment":[{"href":"https:\/\/radioalma.eu\/mulheres\/wp-json\/wp\/v2\/media?parent=63"}],"wp:term":[{"taxonomy":"category","embeddable":true,"href":"https:\/\/radioalma.eu\/mulheres\/wp-json\/wp\/v2\/categories?post=63"},{"taxonomy":"post_tag","embeddable":true,"href":"https:\/\/radioalma.eu\/mulheres\/wp-json\/wp\/v2\/tags?post=63"}],"curies":[{"name":"wp","href":"https:\/\/api.w.org\/{rel}","templated":true}]}}